{"id":10026,"date":"2021-07-02T09:00:32","date_gmt":"2021-07-02T07:00:32","guid":{"rendered":"https:\/\/www.medinadiscovery.com\/es\/?p=10026"},"modified":"2021-08-25T13:53:37","modified_gmt":"2021-08-25T11:53:37","slug":"xxviii-congreso-nacional-de-microbiologia-28-de-junio-2-de-julio-2021","status":"publish","type":"post","link":"https:\/\/www.medinadiscovery.com\/es\/xxviii-congreso-nacional-de-microbiologia-28-de-junio-2-de-julio-2021\/","title":{"rendered":"XXVIII Congreso Nacional de Microbiolog\u00eda, 28 de junio &#8211; 2 de julio, 2021"},"content":{"rendered":"<p><strong>28 de junio &#8211; 2 de julio, 2021:<\/strong> Fundaci\u00f3n MEDINA\u00a0ha asistido al XXVIII Congreso Nacional de Microbiolog\u00eda <em>online<\/em>, organizado por la Sociedad Espa\u00f1ola de Microbiolog\u00eda, SEM, en el a\u00f1o de su 75\u00ba Aniversario. La Dra. Olga Genilloud, Directora Cient\u00edfica de MEDINA contribuy\u00f3 como ponente invitada en la Sesi\u00f3n de Microbiolog\u00eda Industrial con una charla sobre \u201cDiversidad microbiana y productos naturales: nuevo paradigma en el descubrimiento de nuevas mol\u00e9culas bioactivas.&#8221;<\/p>\n<p>&nbsp;<\/p>\n","protected":false},"excerpt":{"rendered":"<p>28 de junio &#8211; 2 de julio, 2021: Fundaci\u00f3n MEDINA\u00a0ha asistido al XXVIII Congreso Nacional de Microbiolog\u00eda online, organizado por la Sociedad Espa\u00f1ola de Microbiolog\u00eda, SEM, en el a\u00f1o de su 75\u00ba Aniversario. La Dra. Olga Genilloud, Directora Cient\u00edfica de MEDINA contribuy\u00f3 como ponente invitada en la Sesi\u00f3n de Microbiolog\u00eda Industrial con una charla sobre [&hellip;]<\/p>\n","protected":false},"author":101014,"featured_media":10040,"comment_status":"closed","ping_status":"closed","sticky":false,"template":"","format":"standard","meta":{"_et_pb_use_builder":"","_et_pb_old_content":"","_et_gb_content_width":"","_monsterinsights_skip_tracking":false,"_monsterinsights_sitenote_active":false,"_monsterinsights_sitenote_note":"","_monsterinsights_sitenote_category":0,"footnotes":""},"categories":[110,115,118,116],"tags":[],"class_list":["post-10026","post","type-post","status-publish","format-standard","has-post-thumbnail","hentry","category-archivo-de-noticias","category-archivo-de-noticias-es","category-archivo-noticias-medina","category-news-archive-es"],"yoast_head":"<!-- This site is optimized with the Yoast SEO plugin v27.5 - https:\/\/yoast.com\/product\/yoast-seo-wordpress\/ -->\n<title>XXVIII Congreso Nacional de Microbiolog\u00eda, 28 de junio - 2 de julio, 2021 - Fundaci\u00f3n MEDINA<\/title>\n<meta name=\"robots\" content=\"index, follow, max-snippet:-1, max-image-preview:large, max-video-preview:-1\" \/>\n<link rel=\"canonical\" href=\"https:\/\/www.medinadiscovery.com\/es\/xxviii-congreso-nacional-de-microbiologia-28-de-junio-2-de-julio-2021\/\" \/>\n<meta property=\"og:locale\" content=\"es_ES\" \/>\n<meta property=\"og:type\" content=\"article\" \/>\n<meta property=\"og:title\" content=\"XXVIII Congreso Nacional de Microbiolog\u00eda, 28 de junio - 2 de julio, 2021 - Fundaci\u00f3n MEDINA\" \/>\n<meta property=\"og:description\" content=\"28 de junio &#8211; 2 de julio, 2021: Fundaci\u00f3n MEDINA\u00a0ha asistido al XXVIII Congreso Nacional de Microbiolog\u00eda online, organizado por la Sociedad Espa\u00f1ola de Microbiolog\u00eda, SEM, en el a\u00f1o de su 75\u00ba Aniversario. La Dra. Olga Genilloud, Directora Cient\u00edfica de MEDINA contribuy\u00f3 como ponente invitada en la Sesi\u00f3n de Microbiolog\u00eda Industrial con una charla sobre [&hellip;]\" \/>\n<meta property=\"og:url\" content=\"https:\/\/www.medinadiscovery.com\/es\/xxviii-congreso-nacional-de-microbiologia-28-de-junio-2-de-julio-2021\/\" \/>\n<meta property=\"og:site_name\" content=\"Fundaci\u00f3n MEDINA\" \/>\n<meta property=\"article:publisher\" content=\"https:\/\/www.facebook.com\/MEDINADiscovery\/\" \/>\n<meta property=\"article:published_time\" content=\"2021-07-02T07:00:32+00:00\" \/>\n<meta property=\"article:modified_time\" content=\"2021-08-25T11:53:37+00:00\" \/>\n<meta property=\"og:image\" content=\"https:\/\/www.medinadiscovery.com\/wp-content\/uploads\/2021\/06\/SEM_2021_O_Genilloud.png\" \/>\n\t<meta property=\"og:image:width\" content=\"1681\" \/>\n\t<meta property=\"og:image:height\" content=\"720\" \/>\n\t<meta property=\"og:image:type\" content=\"image\/png\" \/>\n<meta name=\"author\" content=\"Manuela Anti\u00f1olo\" \/>\n<meta name=\"twitter:card\" content=\"summary_large_image\" \/>\n<meta name=\"twitter:creator\" content=\"@MedinaDiscovery\" \/>\n<meta name=\"twitter:site\" content=\"@MedinaDiscovery\" \/>\n<meta name=\"twitter:label1\" content=\"Escrito por\" \/>\n\t<meta name=\"twitter:data1\" content=\"Manuela Anti\u00f1olo\" \/>\n<script type=\"application\/ld+json\" class=\"yoast-schema-graph\">{\"@context\":\"https:\\\/\\\/schema.org\",\"@graph\":[{\"@type\":\"Article\",\"@id\":\"https:\\\/\\\/www.medinadiscovery.com\\\/es\\\/xxviii-congreso-nacional-de-microbiologia-28-de-junio-2-de-julio-2021\\\/#article\",\"isPartOf\":{\"@id\":\"https:\\\/\\\/www.medinadiscovery.com\\\/es\\\/xxviii-congreso-nacional-de-microbiologia-28-de-junio-2-de-julio-2021\\\/\"},\"author\":{\"name\":\"Manuela Anti\u00f1olo\",\"@id\":\"https:\\\/\\\/www.medinadiscovery.com\\\/es\\\/#\\\/schema\\\/person\\\/a63d35646738c6cd14d0cd726ef6fe78\"},\"headline\":\"XXVIII Congreso Nacional de Microbiolog\u00eda, 28 de junio &#8211; 2 de julio, 2021\",\"datePublished\":\"2021-07-02T07:00:32+00:00\",\"dateModified\":\"2021-08-25T11:53:37+00:00\",\"mainEntityOfPage\":{\"@id\":\"https:\\\/\\\/www.medinadiscovery.com\\\/es\\\/xxviii-congreso-nacional-de-microbiologia-28-de-junio-2-de-julio-2021\\\/\"},\"wordCount\":87,\"publisher\":{\"@id\":\"https:\\\/\\\/www.medinadiscovery.com\\\/es\\\/#organization\"},\"image\":{\"@id\":\"https:\\\/\\\/www.medinadiscovery.com\\\/es\\\/xxviii-congreso-nacional-de-microbiologia-28-de-junio-2-de-julio-2021\\\/#primaryimage\"},\"thumbnailUrl\":\"https:\\\/\\\/www.medinadiscovery.com\\\/wp-content\\\/uploads\\\/2021\\\/06\\\/SEM_2021_O_Genilloud.png\",\"articleSection\":[\"Archivo de Noticias\",\"Archivo de Noticias ES\",\"ARCHIVO NOTICIAS MEDINA\",\"News archive ES\"],\"inLanguage\":\"es\"},{\"@type\":\"WebPage\",\"@id\":\"https:\\\/\\\/www.medinadiscovery.com\\\/es\\\/xxviii-congreso-nacional-de-microbiologia-28-de-junio-2-de-julio-2021\\\/\",\"url\":\"https:\\\/\\\/www.medinadiscovery.com\\\/es\\\/xxviii-congreso-nacional-de-microbiologia-28-de-junio-2-de-julio-2021\\\/\",\"name\":\"XXVIII Congreso Nacional de Microbiolog\u00eda, 28 de junio - 2 de julio, 2021 - Fundaci\u00f3n MEDINA\",\"isPartOf\":{\"@id\":\"https:\\\/\\\/www.medinadiscovery.com\\\/es\\\/#website\"},\"primaryImageOfPage\":{\"@id\":\"https:\\\/\\\/www.medinadiscovery.com\\\/es\\\/xxviii-congreso-nacional-de-microbiologia-28-de-junio-2-de-julio-2021\\\/#primaryimage\"},\"image\":{\"@id\":\"https:\\\/\\\/www.medinadiscovery.com\\\/es\\\/xxviii-congreso-nacional-de-microbiologia-28-de-junio-2-de-julio-2021\\\/#primaryimage\"},\"thumbnailUrl\":\"https:\\\/\\\/www.medinadiscovery.com\\\/wp-content\\\/uploads\\\/2021\\\/06\\\/SEM_2021_O_Genilloud.png\",\"datePublished\":\"2021-07-02T07:00:32+00:00\",\"dateModified\":\"2021-08-25T11:53:37+00:00\",\"breadcrumb\":{\"@id\":\"https:\\\/\\\/www.medinadiscovery.com\\\/es\\\/xxviii-congreso-nacional-de-microbiologia-28-de-junio-2-de-julio-2021\\\/#breadcrumb\"},\"inLanguage\":\"es\",\"potentialAction\":[{\"@type\":\"ReadAction\",\"target\":[\"https:\\\/\\\/www.medinadiscovery.com\\\/es\\\/xxviii-congreso-nacional-de-microbiologia-28-de-junio-2-de-julio-2021\\\/\"]}]},{\"@type\":\"ImageObject\",\"inLanguage\":\"es\",\"@id\":\"https:\\\/\\\/www.medinadiscovery.com\\\/es\\\/xxviii-congreso-nacional-de-microbiologia-28-de-junio-2-de-julio-2021\\\/#primaryimage\",\"url\":\"https:\\\/\\\/www.medinadiscovery.com\\\/wp-content\\\/uploads\\\/2021\\\/06\\\/SEM_2021_O_Genilloud.png\",\"contentUrl\":\"https:\\\/\\\/www.medinadiscovery.com\\\/wp-content\\\/uploads\\\/2021\\\/06\\\/SEM_2021_O_Genilloud.png\",\"width\":1681,\"height\":720},{\"@type\":\"BreadcrumbList\",\"@id\":\"https:\\\/\\\/www.medinadiscovery.com\\\/es\\\/xxviii-congreso-nacional-de-microbiologia-28-de-junio-2-de-julio-2021\\\/#breadcrumb\",\"itemListElement\":[{\"@type\":\"ListItem\",\"position\":1,\"name\":\"Home\",\"item\":\"https:\\\/\\\/www.medinadiscovery.com\\\/es\\\/\"},{\"@type\":\"ListItem\",\"position\":2,\"name\":\"XXVIII Congreso Nacional de Microbiolog\u00eda, 28 de junio &#8211; 2 de julio, 2021\"}]},{\"@type\":\"WebSite\",\"@id\":\"https:\\\/\\\/www.medinadiscovery.com\\\/es\\\/#website\",\"url\":\"https:\\\/\\\/www.medinadiscovery.com\\\/es\\\/\",\"name\":\"Fundaci\u00f3n MEDINA\",\"description\":\"Our mission on drug discovery and pharma research\",\"publisher\":{\"@id\":\"https:\\\/\\\/www.medinadiscovery.com\\\/es\\\/#organization\"},\"potentialAction\":[{\"@type\":\"SearchAction\",\"target\":{\"@type\":\"EntryPoint\",\"urlTemplate\":\"https:\\\/\\\/www.medinadiscovery.com\\\/es\\\/?s={search_term_string}\"},\"query-input\":{\"@type\":\"PropertyValueSpecification\",\"valueRequired\":true,\"valueName\":\"search_term_string\"}}],\"inLanguage\":\"es\"},{\"@type\":\"Organization\",\"@id\":\"https:\\\/\\\/www.medinadiscovery.com\\\/es\\\/#organization\",\"name\":\"Fundaci\u00f3n MEDINA\",\"url\":\"https:\\\/\\\/www.medinadiscovery.com\\\/es\\\/\",\"logo\":{\"@type\":\"ImageObject\",\"inLanguage\":\"es\",\"@id\":\"https:\\\/\\\/www.medinadiscovery.com\\\/es\\\/#\\\/schema\\\/logo\\\/image\\\/\",\"url\":\"https:\\\/\\\/www.medinadiscovery.com\\\/wp-content\\\/uploads\\\/2025\\\/06\\\/logo_medina.png\",\"contentUrl\":\"https:\\\/\\\/www.medinadiscovery.com\\\/wp-content\\\/uploads\\\/2025\\\/06\\\/logo_medina.png\",\"width\":1747,\"height\":456,\"caption\":\"Fundaci\u00f3n MEDINA\"},\"image\":{\"@id\":\"https:\\\/\\\/www.medinadiscovery.com\\\/es\\\/#\\\/schema\\\/logo\\\/image\\\/\"},\"sameAs\":[\"https:\\\/\\\/www.facebook.com\\\/MEDINADiscovery\\\/\",\"https:\\\/\\\/x.com\\\/MedinaDiscovery\"]},{\"@type\":\"Person\",\"@id\":\"https:\\\/\\\/www.medinadiscovery.com\\\/es\\\/#\\\/schema\\\/person\\\/a63d35646738c6cd14d0cd726ef6fe78\",\"name\":\"Manuela Anti\u00f1olo\",\"image\":{\"@type\":\"ImageObject\",\"inLanguage\":\"es\",\"@id\":\"https:\\\/\\\/secure.gravatar.com\\\/avatar\\\/4b23093454bc1c015eb10866d85bfd7bd0fdafce8e0f1561bacdba52b9e7f8a5?s=96&d=mm&r=g\",\"url\":\"https:\\\/\\\/secure.gravatar.com\\\/avatar\\\/4b23093454bc1c015eb10866d85bfd7bd0fdafce8e0f1561bacdba52b9e7f8a5?s=96&d=mm&r=g\",\"contentUrl\":\"https:\\\/\\\/secure.gravatar.com\\\/avatar\\\/4b23093454bc1c015eb10866d85bfd7bd0fdafce8e0f1561bacdba52b9e7f8a5?s=96&d=mm&r=g\",\"caption\":\"Manuela Anti\u00f1olo\"},\"url\":\"https:\\\/\\\/www.medinadiscovery.com\\\/es\\\/author\\\/antinolom\\\/\"}]}<\/script>\n<!-- \/ Yoast SEO plugin. -->","yoast_head_json":{"title":"XXVIII Congreso Nacional de Microbiolog\u00eda, 28 de junio - 2 de julio, 2021 - Fundaci\u00f3n MEDINA","robots":{"index":"index","follow":"follow","max-snippet":"max-snippet:-1","max-image-preview":"max-image-preview:large","max-video-preview":"max-video-preview:-1"},"canonical":"https:\/\/www.medinadiscovery.com\/es\/xxviii-congreso-nacional-de-microbiologia-28-de-junio-2-de-julio-2021\/","og_locale":"es_ES","og_type":"article","og_title":"XXVIII Congreso Nacional de Microbiolog\u00eda, 28 de junio - 2 de julio, 2021 - Fundaci\u00f3n MEDINA","og_description":"28 de junio &#8211; 2 de julio, 2021: Fundaci\u00f3n MEDINA\u00a0ha asistido al XXVIII Congreso Nacional de Microbiolog\u00eda online, organizado por la Sociedad Espa\u00f1ola de Microbiolog\u00eda, SEM, en el a\u00f1o de su 75\u00ba Aniversario. La Dra. Olga Genilloud, Directora Cient\u00edfica de MEDINA contribuy\u00f3 como ponente invitada en la Sesi\u00f3n de Microbiolog\u00eda Industrial con una charla sobre [&hellip;]","og_url":"https:\/\/www.medinadiscovery.com\/es\/xxviii-congreso-nacional-de-microbiologia-28-de-junio-2-de-julio-2021\/","og_site_name":"Fundaci\u00f3n MEDINA","article_publisher":"https:\/\/www.facebook.com\/MEDINADiscovery\/","article_published_time":"2021-07-02T07:00:32+00:00","article_modified_time":"2021-08-25T11:53:37+00:00","og_image":[{"width":1681,"height":720,"url":"https:\/\/www.medinadiscovery.com\/wp-content\/uploads\/2021\/06\/SEM_2021_O_Genilloud.png","type":"image\/png"}],"author":"Manuela Anti\u00f1olo","twitter_card":"summary_large_image","twitter_creator":"@MedinaDiscovery","twitter_site":"@MedinaDiscovery","twitter_misc":{"Escrito por":"Manuela Anti\u00f1olo"},"schema":{"@context":"https:\/\/schema.org","@graph":[{"@type":"Article","@id":"https:\/\/www.medinadiscovery.com\/es\/xxviii-congreso-nacional-de-microbiologia-28-de-junio-2-de-julio-2021\/#article","isPartOf":{"@id":"https:\/\/www.medinadiscovery.com\/es\/xxviii-congreso-nacional-de-microbiologia-28-de-junio-2-de-julio-2021\/"},"author":{"name":"Manuela Anti\u00f1olo","@id":"https:\/\/www.medinadiscovery.com\/es\/#\/schema\/person\/a63d35646738c6cd14d0cd726ef6fe78"},"headline":"XXVIII Congreso Nacional de Microbiolog\u00eda, 28 de junio &#8211; 2 de julio, 2021","datePublished":"2021-07-02T07:00:32+00:00","dateModified":"2021-08-25T11:53:37+00:00","mainEntityOfPage":{"@id":"https:\/\/www.medinadiscovery.com\/es\/xxviii-congreso-nacional-de-microbiologia-28-de-junio-2-de-julio-2021\/"},"wordCount":87,"publisher":{"@id":"https:\/\/www.medinadiscovery.com\/es\/#organization"},"image":{"@id":"https:\/\/www.medinadiscovery.com\/es\/xxviii-congreso-nacional-de-microbiologia-28-de-junio-2-de-julio-2021\/#primaryimage"},"thumbnailUrl":"https:\/\/www.medinadiscovery.com\/wp-content\/uploads\/2021\/06\/SEM_2021_O_Genilloud.png","articleSection":["Archivo de Noticias","Archivo de Noticias ES","ARCHIVO NOTICIAS MEDINA","News archive ES"],"inLanguage":"es"},{"@type":"WebPage","@id":"https:\/\/www.medinadiscovery.com\/es\/xxviii-congreso-nacional-de-microbiologia-28-de-junio-2-de-julio-2021\/","url":"https:\/\/www.medinadiscovery.com\/es\/xxviii-congreso-nacional-de-microbiologia-28-de-junio-2-de-julio-2021\/","name":"XXVIII Congreso Nacional de Microbiolog\u00eda, 28 de junio - 2 de julio, 2021 - Fundaci\u00f3n MEDINA","isPartOf":{"@id":"https:\/\/www.medinadiscovery.com\/es\/#website"},"primaryImageOfPage":{"@id":"https:\/\/www.medinadiscovery.com\/es\/xxviii-congreso-nacional-de-microbiologia-28-de-junio-2-de-julio-2021\/#primaryimage"},"image":{"@id":"https:\/\/www.medinadiscovery.com\/es\/xxviii-congreso-nacional-de-microbiologia-28-de-junio-2-de-julio-2021\/#primaryimage"},"thumbnailUrl":"https:\/\/www.medinadiscovery.com\/wp-content\/uploads\/2021\/06\/SEM_2021_O_Genilloud.png","datePublished":"2021-07-02T07:00:32+00:00","dateModified":"2021-08-25T11:53:37+00:00","breadcrumb":{"@id":"https:\/\/www.medinadiscovery.com\/es\/xxviii-congreso-nacional-de-microbiologia-28-de-junio-2-de-julio-2021\/#breadcrumb"},"inLanguage":"es","potentialAction":[{"@type":"ReadAction","target":["https:\/\/www.medinadiscovery.com\/es\/xxviii-congreso-nacional-de-microbiologia-28-de-junio-2-de-julio-2021\/"]}]},{"@type":"ImageObject","inLanguage":"es","@id":"https:\/\/www.medinadiscovery.com\/es\/xxviii-congreso-nacional-de-microbiologia-28-de-junio-2-de-julio-2021\/#primaryimage","url":"https:\/\/www.medinadiscovery.com\/wp-content\/uploads\/2021\/06\/SEM_2021_O_Genilloud.png","contentUrl":"https:\/\/www.medinadiscovery.com\/wp-content\/uploads\/2021\/06\/SEM_2021_O_Genilloud.png","width":1681,"height":720},{"@type":"BreadcrumbList","@id":"https:\/\/www.medinadiscovery.com\/es\/xxviii-congreso-nacional-de-microbiologia-28-de-junio-2-de-julio-2021\/#breadcrumb","itemListElement":[{"@type":"ListItem","position":1,"name":"Home","item":"https:\/\/www.medinadiscovery.com\/es\/"},{"@type":"ListItem","position":2,"name":"XXVIII Congreso Nacional de Microbiolog\u00eda, 28 de junio &#8211; 2 de julio, 2021"}]},{"@type":"WebSite","@id":"https:\/\/www.medinadiscovery.com\/es\/#website","url":"https:\/\/www.medinadiscovery.com\/es\/","name":"Fundaci\u00f3n MEDINA","description":"Our mission on drug discovery and pharma research","publisher":{"@id":"https:\/\/www.medinadiscovery.com\/es\/#organization"},"potentialAction":[{"@type":"SearchAction","target":{"@type":"EntryPoint","urlTemplate":"https:\/\/www.medinadiscovery.com\/es\/?s={search_term_string}"},"query-input":{"@type":"PropertyValueSpecification","valueRequired":true,"valueName":"search_term_string"}}],"inLanguage":"es"},{"@type":"Organization","@id":"https:\/\/www.medinadiscovery.com\/es\/#organization","name":"Fundaci\u00f3n MEDINA","url":"https:\/\/www.medinadiscovery.com\/es\/","logo":{"@type":"ImageObject","inLanguage":"es","@id":"https:\/\/www.medinadiscovery.com\/es\/#\/schema\/logo\/image\/","url":"https:\/\/www.medinadiscovery.com\/wp-content\/uploads\/2025\/06\/logo_medina.png","contentUrl":"https:\/\/www.medinadiscovery.com\/wp-content\/uploads\/2025\/06\/logo_medina.png","width":1747,"height":456,"caption":"Fundaci\u00f3n MEDINA"},"image":{"@id":"https:\/\/www.medinadiscovery.com\/es\/#\/schema\/logo\/image\/"},"sameAs":["https:\/\/www.facebook.com\/MEDINADiscovery\/","https:\/\/x.com\/MedinaDiscovery"]},{"@type":"Person","@id":"https:\/\/www.medinadiscovery.com\/es\/#\/schema\/person\/a63d35646738c6cd14d0cd726ef6fe78","name":"Manuela Anti\u00f1olo","image":{"@type":"ImageObject","inLanguage":"es","@id":"https:\/\/secure.gravatar.com\/avatar\/4b23093454bc1c015eb10866d85bfd7bd0fdafce8e0f1561bacdba52b9e7f8a5?s=96&d=mm&r=g","url":"https:\/\/secure.gravatar.com\/avatar\/4b23093454bc1c015eb10866d85bfd7bd0fdafce8e0f1561bacdba52b9e7f8a5?s=96&d=mm&r=g","contentUrl":"https:\/\/secure.gravatar.com\/avatar\/4b23093454bc1c015eb10866d85bfd7bd0fdafce8e0f1561bacdba52b9e7f8a5?s=96&d=mm&r=g","caption":"Manuela Anti\u00f1olo"},"url":"https:\/\/www.medinadiscovery.com\/es\/author\/antinolom\/"}]}},"_links":{"self":[{"href":"https:\/\/www.medinadiscovery.com\/es\/wp-json\/wp\/v2\/posts\/10026","targetHints":{"allow":["GET"]}}],"collection":[{"href":"https:\/\/www.medinadiscovery.com\/es\/wp-json\/wp\/v2\/posts"}],"about":[{"href":"https:\/\/www.medinadiscovery.com\/es\/wp-json\/wp\/v2\/types\/post"}],"author":[{"embeddable":true,"href":"https:\/\/www.medinadiscovery.com\/es\/wp-json\/wp\/v2\/users\/101014"}],"replies":[{"embeddable":true,"href":"https:\/\/www.medinadiscovery.com\/es\/wp-json\/wp\/v2\/comments?post=10026"}],"version-history":[{"count":13,"href":"https:\/\/www.medinadiscovery.com\/es\/wp-json\/wp\/v2\/posts\/10026\/revisions"}],"predecessor-version":[{"id":10176,"href":"https:\/\/www.medinadiscovery.com\/es\/wp-json\/wp\/v2\/posts\/10026\/revisions\/10176"}],"wp:featuredmedia":[{"embeddable":true,"href":"https:\/\/www.medinadiscovery.com\/es\/wp-json\/wp\/v2\/media\/10040"}],"wp:attachment":[{"href":"https:\/\/www.medinadiscovery.com\/es\/wp-json\/wp\/v2\/media?parent=10026"}],"wp:term":[{"taxonomy":"category","embeddable":true,"href":"https:\/\/www.medinadiscovery.com\/es\/wp-json\/wp\/v2\/categories?post=10026"},{"taxonomy":"post_tag","embeddable":true,"href":"https:\/\/www.medinadiscovery.com\/es\/wp-json\/wp\/v2\/tags?post=10026"}],"curies":[{"name":"wp","href":"https:\/\/api.w.org\/{rel}","templated":true}]}}