{"id":1044,"date":"2014-06-04T08:10:03","date_gmt":"2014-06-04T08:10:03","guid":{"rendered":"https:\/\/www.medinadiscovery.com\/c20-events\/xv-reunion-del-grupo-especializado-en-taxonomia-filogenia-y-diversidad-microbiana-3-4-y-5-del-proximo-mes-de-julio-en-alcala-de-henares-2\/"},"modified":"2016-08-18T12:59:53","modified_gmt":"2016-08-18T12:59:53","slug":"xv-reunion-del-grupo-especializado-en-taxonomia-filogenia-y-diversidad-microbiana-3-4-y-5-del-proximo-mes-de-julio-en-alcala-de-henares-2","status":"publish","type":"post","link":"https:\/\/www.medinadiscovery.com\/es\/xv-reunion-del-grupo-especializado-en-taxonomia-filogenia-y-diversidad-microbiana-3-4-y-5-del-proximo-mes-de-julio-en-alcala-de-henares-2\/","title":{"rendered":"\u25aa XV Reuni\u00f3n del Grupo especializado en Taxonom\u00eda, Filogenia y Diversidad Microbiana, 3-5 Julio &#8211; Alcala de Henares"},"content":{"rendered":"<p style=\"text-align: justify;\">V\u00edctor Gonz\u00e1lez, Investigador especialista en Micolog\u00eda de la Fundaci\u00f3n MEDINA asistir\u00e1 a la reuni\u00f3n que se llevar\u00e1 a cabo bajo un ambiente propicio al intercambio de resultados. Debatir sobre nuevas ideas permitir\u00e1 dise\u00f1ar nuevas estrategias y enfoques en los pr\u00f3ximos proyectos de investigaci\u00f3n de microbiolog\u00eda.<\/p>\n<p style=\"margin-bottom: 0.0001pt; text-align: justify; line-height: 150%;\"><span style=\"line-height: 150%; font-size: 10pt;\">\u00a0<\/span><\/p>\n","protected":false},"excerpt":{"rendered":"<p>V\u00edctor Gonz\u00e1lez, Investigador especialista en Micolog\u00eda de la Fundaci\u00f3n MEDINA asistir\u00e1 a la reuni\u00f3n que se llevar\u00e1 a cabo bajo un ambiente propicio al intercambio de resultados. Debatir sobre nuevas ideas permitir\u00e1 dise\u00f1ar nuevas estrategias y enfoques en los pr\u00f3ximos proyectos de investigaci\u00f3n de microbiolog\u00eda. \u00a0<\/p>\n","protected":false},"author":101011,"featured_media":6135,"comment_status":"open","ping_status":"open","sticky":false,"template":"","format":"standard","meta":{"_et_pb_use_builder":"","_et_pb_old_content":"","_et_gb_content_width":"","_monsterinsights_skip_tracking":false,"_monsterinsights_sitenote_active":false,"_monsterinsights_sitenote_note":"","_monsterinsights_sitenote_category":0,"footnotes":""},"categories":[118,86],"tags":[],"class_list":["post-1044","post","type-post","status-publish","format-standard","has-post-thumbnail","hentry","category-archivo-noticias-medina","category-calendario"],"yoast_head":"<!-- This site is optimized with the Yoast SEO plugin v27.5 - https:\/\/yoast.com\/product\/yoast-seo-wordpress\/ -->\n<title>\u25aa XV Reuni\u00f3n del Grupo especializado en Taxonom\u00eda, Filogenia y Diversidad Microbiana, 3-5 Julio - Alcala de Henares - Fundaci\u00f3n MEDINA<\/title>\n<meta name=\"robots\" content=\"index, follow, max-snippet:-1, max-image-preview:large, max-video-preview:-1\" \/>\n<link rel=\"canonical\" href=\"https:\/\/www.medinadiscovery.com\/es\/xv-reunion-del-grupo-especializado-en-taxonomia-filogenia-y-diversidad-microbiana-3-4-y-5-del-proximo-mes-de-julio-en-alcala-de-henares-2\/\" \/>\n<meta property=\"og:locale\" content=\"es_ES\" \/>\n<meta property=\"og:type\" content=\"article\" \/>\n<meta property=\"og:title\" content=\"\u25aa XV Reuni\u00f3n del Grupo especializado en Taxonom\u00eda, Filogenia y Diversidad Microbiana, 3-5 Julio - Alcala de Henares - Fundaci\u00f3n MEDINA\" \/>\n<meta property=\"og:description\" content=\"V\u00edctor Gonz\u00e1lez, Investigador especialista en Micolog\u00eda de la Fundaci\u00f3n MEDINA asistir\u00e1 a la reuni\u00f3n que se llevar\u00e1 a cabo bajo un ambiente propicio al intercambio de resultados. Debatir sobre nuevas ideas permitir\u00e1 dise\u00f1ar nuevas estrategias y enfoques en los pr\u00f3ximos proyectos de investigaci\u00f3n de microbiolog\u00eda. \u00a0\" \/>\n<meta property=\"og:url\" content=\"https:\/\/www.medinadiscovery.com\/es\/xv-reunion-del-grupo-especializado-en-taxonomia-filogenia-y-diversidad-microbiana-3-4-y-5-del-proximo-mes-de-julio-en-alcala-de-henares-2\/\" \/>\n<meta property=\"og:site_name\" content=\"Fundaci\u00f3n MEDINA\" \/>\n<meta property=\"article:publisher\" content=\"https:\/\/www.facebook.com\/MEDINADiscovery\/\" \/>\n<meta property=\"article:published_time\" content=\"2014-06-04T08:10:03+00:00\" \/>\n<meta property=\"article:modified_time\" content=\"2016-08-18T12:59:53+00:00\" \/>\n<meta property=\"og:image\" content=\"https:\/\/www.medinadiscovery.com\/wp-content\/uploads\/2016\/07\/XVREUNINALCALA.png\" \/>\n\t<meta property=\"og:image:width\" content=\"898\" \/>\n\t<meta property=\"og:image:height\" content=\"235\" \/>\n\t<meta property=\"og:image:type\" content=\"image\/png\" \/>\n<meta name=\"author\" content=\"DeletedUser\" \/>\n<meta name=\"twitter:card\" content=\"summary_large_image\" \/>\n<meta name=\"twitter:creator\" content=\"@MedinaDiscovery\" \/>\n<meta name=\"twitter:site\" content=\"@MedinaDiscovery\" \/>\n<meta name=\"twitter:label1\" content=\"Escrito por\" \/>\n\t<meta name=\"twitter:data1\" content=\"DeletedUser\" \/>\n<script type=\"application\/ld+json\" class=\"yoast-schema-graph\">{\"@context\":\"https:\\\/\\\/schema.org\",\"@graph\":[{\"@type\":\"Article\",\"@id\":\"https:\\\/\\\/www.medinadiscovery.com\\\/es\\\/xv-reunion-del-grupo-especializado-en-taxonomia-filogenia-y-diversidad-microbiana-3-4-y-5-del-proximo-mes-de-julio-en-alcala-de-henares-2\\\/#article\",\"isPartOf\":{\"@id\":\"https:\\\/\\\/www.medinadiscovery.com\\\/es\\\/xv-reunion-del-grupo-especializado-en-taxonomia-filogenia-y-diversidad-microbiana-3-4-y-5-del-proximo-mes-de-julio-en-alcala-de-henares-2\\\/\"},\"author\":{\"name\":\"DeletedUser\",\"@id\":\"https:\\\/\\\/www.medinadiscovery.com\\\/es\\\/#\\\/schema\\\/person\\\/62145ed43c23f69b11b09c5bf71dd5cf\"},\"headline\":\"\u25aa XV Reuni\u00f3n del Grupo especializado en Taxonom\u00eda, Filogenia y Diversidad Microbiana, 3-5 Julio &#8211; Alcala de Henares\",\"datePublished\":\"2014-06-04T08:10:03+00:00\",\"dateModified\":\"2016-08-18T12:59:53+00:00\",\"mainEntityOfPage\":{\"@id\":\"https:\\\/\\\/www.medinadiscovery.com\\\/es\\\/xv-reunion-del-grupo-especializado-en-taxonomia-filogenia-y-diversidad-microbiana-3-4-y-5-del-proximo-mes-de-julio-en-alcala-de-henares-2\\\/\"},\"wordCount\":73,\"commentCount\":0,\"publisher\":{\"@id\":\"https:\\\/\\\/www.medinadiscovery.com\\\/es\\\/#organization\"},\"image\":{\"@id\":\"https:\\\/\\\/www.medinadiscovery.com\\\/es\\\/xv-reunion-del-grupo-especializado-en-taxonomia-filogenia-y-diversidad-microbiana-3-4-y-5-del-proximo-mes-de-julio-en-alcala-de-henares-2\\\/#primaryimage\"},\"thumbnailUrl\":\"https:\\\/\\\/www.medinadiscovery.com\\\/wp-content\\\/uploads\\\/2016\\\/07\\\/XVREUNINALCALA.png\",\"articleSection\":[\"ARCHIVO NOTICIAS MEDINA\",\"Eventos\"],\"inLanguage\":\"es\",\"potentialAction\":[{\"@type\":\"CommentAction\",\"name\":\"Comment\",\"target\":[\"https:\\\/\\\/www.medinadiscovery.com\\\/es\\\/xv-reunion-del-grupo-especializado-en-taxonomia-filogenia-y-diversidad-microbiana-3-4-y-5-del-proximo-mes-de-julio-en-alcala-de-henares-2\\\/#respond\"]}]},{\"@type\":\"WebPage\",\"@id\":\"https:\\\/\\\/www.medinadiscovery.com\\\/es\\\/xv-reunion-del-grupo-especializado-en-taxonomia-filogenia-y-diversidad-microbiana-3-4-y-5-del-proximo-mes-de-julio-en-alcala-de-henares-2\\\/\",\"url\":\"https:\\\/\\\/www.medinadiscovery.com\\\/es\\\/xv-reunion-del-grupo-especializado-en-taxonomia-filogenia-y-diversidad-microbiana-3-4-y-5-del-proximo-mes-de-julio-en-alcala-de-henares-2\\\/\",\"name\":\"\u25aa XV Reuni\u00f3n del Grupo especializado en Taxonom\u00eda, Filogenia y Diversidad Microbiana, 3-5 Julio - Alcala de Henares - Fundaci\u00f3n MEDINA\",\"isPartOf\":{\"@id\":\"https:\\\/\\\/www.medinadiscovery.com\\\/es\\\/#website\"},\"primaryImageOfPage\":{\"@id\":\"https:\\\/\\\/www.medinadiscovery.com\\\/es\\\/xv-reunion-del-grupo-especializado-en-taxonomia-filogenia-y-diversidad-microbiana-3-4-y-5-del-proximo-mes-de-julio-en-alcala-de-henares-2\\\/#primaryimage\"},\"image\":{\"@id\":\"https:\\\/\\\/www.medinadiscovery.com\\\/es\\\/xv-reunion-del-grupo-especializado-en-taxonomia-filogenia-y-diversidad-microbiana-3-4-y-5-del-proximo-mes-de-julio-en-alcala-de-henares-2\\\/#primaryimage\"},\"thumbnailUrl\":\"https:\\\/\\\/www.medinadiscovery.com\\\/wp-content\\\/uploads\\\/2016\\\/07\\\/XVREUNINALCALA.png\",\"datePublished\":\"2014-06-04T08:10:03+00:00\",\"dateModified\":\"2016-08-18T12:59:53+00:00\",\"breadcrumb\":{\"@id\":\"https:\\\/\\\/www.medinadiscovery.com\\\/es\\\/xv-reunion-del-grupo-especializado-en-taxonomia-filogenia-y-diversidad-microbiana-3-4-y-5-del-proximo-mes-de-julio-en-alcala-de-henares-2\\\/#breadcrumb\"},\"inLanguage\":\"es\",\"potentialAction\":[{\"@type\":\"ReadAction\",\"target\":[\"https:\\\/\\\/www.medinadiscovery.com\\\/es\\\/xv-reunion-del-grupo-especializado-en-taxonomia-filogenia-y-diversidad-microbiana-3-4-y-5-del-proximo-mes-de-julio-en-alcala-de-henares-2\\\/\"]}]},{\"@type\":\"ImageObject\",\"inLanguage\":\"es\",\"@id\":\"https:\\\/\\\/www.medinadiscovery.com\\\/es\\\/xv-reunion-del-grupo-especializado-en-taxonomia-filogenia-y-diversidad-microbiana-3-4-y-5-del-proximo-mes-de-julio-en-alcala-de-henares-2\\\/#primaryimage\",\"url\":\"https:\\\/\\\/www.medinadiscovery.com\\\/wp-content\\\/uploads\\\/2016\\\/07\\\/XVREUNINALCALA.png\",\"contentUrl\":\"https:\\\/\\\/www.medinadiscovery.com\\\/wp-content\\\/uploads\\\/2016\\\/07\\\/XVREUNINALCALA.png\",\"width\":898,\"height\":235},{\"@type\":\"BreadcrumbList\",\"@id\":\"https:\\\/\\\/www.medinadiscovery.com\\\/es\\\/xv-reunion-del-grupo-especializado-en-taxonomia-filogenia-y-diversidad-microbiana-3-4-y-5-del-proximo-mes-de-julio-en-alcala-de-henares-2\\\/#breadcrumb\",\"itemListElement\":[{\"@type\":\"ListItem\",\"position\":1,\"name\":\"Home\",\"item\":\"https:\\\/\\\/www.medinadiscovery.com\\\/es\\\/\"},{\"@type\":\"ListItem\",\"position\":2,\"name\":\"\u25aa XV Reuni\u00f3n del Grupo especializado en Taxonom\u00eda, Filogenia y Diversidad Microbiana, 3-5 Julio &#8211; Alcala de Henares\"}]},{\"@type\":\"WebSite\",\"@id\":\"https:\\\/\\\/www.medinadiscovery.com\\\/es\\\/#website\",\"url\":\"https:\\\/\\\/www.medinadiscovery.com\\\/es\\\/\",\"name\":\"Fundaci\u00f3n MEDINA\",\"description\":\"Our mission on drug discovery and pharma research\",\"publisher\":{\"@id\":\"https:\\\/\\\/www.medinadiscovery.com\\\/es\\\/#organization\"},\"potentialAction\":[{\"@type\":\"SearchAction\",\"target\":{\"@type\":\"EntryPoint\",\"urlTemplate\":\"https:\\\/\\\/www.medinadiscovery.com\\\/es\\\/?s={search_term_string}\"},\"query-input\":{\"@type\":\"PropertyValueSpecification\",\"valueRequired\":true,\"valueName\":\"search_term_string\"}}],\"inLanguage\":\"es\"},{\"@type\":\"Organization\",\"@id\":\"https:\\\/\\\/www.medinadiscovery.com\\\/es\\\/#organization\",\"name\":\"Fundaci\u00f3n MEDINA\",\"url\":\"https:\\\/\\\/www.medinadiscovery.com\\\/es\\\/\",\"logo\":{\"@type\":\"ImageObject\",\"inLanguage\":\"es\",\"@id\":\"https:\\\/\\\/www.medinadiscovery.com\\\/es\\\/#\\\/schema\\\/logo\\\/image\\\/\",\"url\":\"https:\\\/\\\/www.medinadiscovery.com\\\/wp-content\\\/uploads\\\/2025\\\/06\\\/logo_medina.png\",\"contentUrl\":\"https:\\\/\\\/www.medinadiscovery.com\\\/wp-content\\\/uploads\\\/2025\\\/06\\\/logo_medina.png\",\"width\":1747,\"height\":456,\"caption\":\"Fundaci\u00f3n MEDINA\"},\"image\":{\"@id\":\"https:\\\/\\\/www.medinadiscovery.com\\\/es\\\/#\\\/schema\\\/logo\\\/image\\\/\"},\"sameAs\":[\"https:\\\/\\\/www.facebook.com\\\/MEDINADiscovery\\\/\",\"https:\\\/\\\/x.com\\\/MedinaDiscovery\"]},{\"@type\":\"Person\",\"@id\":\"https:\\\/\\\/www.medinadiscovery.com\\\/es\\\/#\\\/schema\\\/person\\\/62145ed43c23f69b11b09c5bf71dd5cf\",\"name\":\"DeletedUser\",\"image\":{\"@type\":\"ImageObject\",\"inLanguage\":\"es\",\"@id\":\"https:\\\/\\\/secure.gravatar.com\\\/avatar\\\/27a206f94337bd11b6dbcdc5eb6a906a75d62be00806e2a32f4551b9a16acccb?s=96&d=mm&r=g\",\"url\":\"https:\\\/\\\/secure.gravatar.com\\\/avatar\\\/27a206f94337bd11b6dbcdc5eb6a906a75d62be00806e2a32f4551b9a16acccb?s=96&d=mm&r=g\",\"contentUrl\":\"https:\\\/\\\/secure.gravatar.com\\\/avatar\\\/27a206f94337bd11b6dbcdc5eb6a906a75d62be00806e2a32f4551b9a16acccb?s=96&d=mm&r=g\",\"caption\":\"DeletedUser\"},\"url\":\"https:\\\/\\\/www.medinadiscovery.com\\\/es\\\/author\\\/deleteduser\\\/\"}]}<\/script>\n<!-- \/ Yoast SEO plugin. -->","yoast_head_json":{"title":"\u25aa XV Reuni\u00f3n del Grupo especializado en Taxonom\u00eda, Filogenia y Diversidad Microbiana, 3-5 Julio - Alcala de Henares - Fundaci\u00f3n MEDINA","robots":{"index":"index","follow":"follow","max-snippet":"max-snippet:-1","max-image-preview":"max-image-preview:large","max-video-preview":"max-video-preview:-1"},"canonical":"https:\/\/www.medinadiscovery.com\/es\/xv-reunion-del-grupo-especializado-en-taxonomia-filogenia-y-diversidad-microbiana-3-4-y-5-del-proximo-mes-de-julio-en-alcala-de-henares-2\/","og_locale":"es_ES","og_type":"article","og_title":"\u25aa XV Reuni\u00f3n del Grupo especializado en Taxonom\u00eda, Filogenia y Diversidad Microbiana, 3-5 Julio - Alcala de Henares - Fundaci\u00f3n MEDINA","og_description":"V\u00edctor Gonz\u00e1lez, Investigador especialista en Micolog\u00eda de la Fundaci\u00f3n MEDINA asistir\u00e1 a la reuni\u00f3n que se llevar\u00e1 a cabo bajo un ambiente propicio al intercambio de resultados. Debatir sobre nuevas ideas permitir\u00e1 dise\u00f1ar nuevas estrategias y enfoques en los pr\u00f3ximos proyectos de investigaci\u00f3n de microbiolog\u00eda. \u00a0","og_url":"https:\/\/www.medinadiscovery.com\/es\/xv-reunion-del-grupo-especializado-en-taxonomia-filogenia-y-diversidad-microbiana-3-4-y-5-del-proximo-mes-de-julio-en-alcala-de-henares-2\/","og_site_name":"Fundaci\u00f3n MEDINA","article_publisher":"https:\/\/www.facebook.com\/MEDINADiscovery\/","article_published_time":"2014-06-04T08:10:03+00:00","article_modified_time":"2016-08-18T12:59:53+00:00","og_image":[{"width":898,"height":235,"url":"https:\/\/www.medinadiscovery.com\/wp-content\/uploads\/2016\/07\/XVREUNINALCALA.png","type":"image\/png"}],"author":"DeletedUser","twitter_card":"summary_large_image","twitter_creator":"@MedinaDiscovery","twitter_site":"@MedinaDiscovery","twitter_misc":{"Escrito por":"DeletedUser"},"schema":{"@context":"https:\/\/schema.org","@graph":[{"@type":"Article","@id":"https:\/\/www.medinadiscovery.com\/es\/xv-reunion-del-grupo-especializado-en-taxonomia-filogenia-y-diversidad-microbiana-3-4-y-5-del-proximo-mes-de-julio-en-alcala-de-henares-2\/#article","isPartOf":{"@id":"https:\/\/www.medinadiscovery.com\/es\/xv-reunion-del-grupo-especializado-en-taxonomia-filogenia-y-diversidad-microbiana-3-4-y-5-del-proximo-mes-de-julio-en-alcala-de-henares-2\/"},"author":{"name":"DeletedUser","@id":"https:\/\/www.medinadiscovery.com\/es\/#\/schema\/person\/62145ed43c23f69b11b09c5bf71dd5cf"},"headline":"\u25aa XV Reuni\u00f3n del Grupo especializado en Taxonom\u00eda, Filogenia y Diversidad Microbiana, 3-5 Julio &#8211; Alcala de Henares","datePublished":"2014-06-04T08:10:03+00:00","dateModified":"2016-08-18T12:59:53+00:00","mainEntityOfPage":{"@id":"https:\/\/www.medinadiscovery.com\/es\/xv-reunion-del-grupo-especializado-en-taxonomia-filogenia-y-diversidad-microbiana-3-4-y-5-del-proximo-mes-de-julio-en-alcala-de-henares-2\/"},"wordCount":73,"commentCount":0,"publisher":{"@id":"https:\/\/www.medinadiscovery.com\/es\/#organization"},"image":{"@id":"https:\/\/www.medinadiscovery.com\/es\/xv-reunion-del-grupo-especializado-en-taxonomia-filogenia-y-diversidad-microbiana-3-4-y-5-del-proximo-mes-de-julio-en-alcala-de-henares-2\/#primaryimage"},"thumbnailUrl":"https:\/\/www.medinadiscovery.com\/wp-content\/uploads\/2016\/07\/XVREUNINALCALA.png","articleSection":["ARCHIVO NOTICIAS MEDINA","Eventos"],"inLanguage":"es","potentialAction":[{"@type":"CommentAction","name":"Comment","target":["https:\/\/www.medinadiscovery.com\/es\/xv-reunion-del-grupo-especializado-en-taxonomia-filogenia-y-diversidad-microbiana-3-4-y-5-del-proximo-mes-de-julio-en-alcala-de-henares-2\/#respond"]}]},{"@type":"WebPage","@id":"https:\/\/www.medinadiscovery.com\/es\/xv-reunion-del-grupo-especializado-en-taxonomia-filogenia-y-diversidad-microbiana-3-4-y-5-del-proximo-mes-de-julio-en-alcala-de-henares-2\/","url":"https:\/\/www.medinadiscovery.com\/es\/xv-reunion-del-grupo-especializado-en-taxonomia-filogenia-y-diversidad-microbiana-3-4-y-5-del-proximo-mes-de-julio-en-alcala-de-henares-2\/","name":"\u25aa XV Reuni\u00f3n del Grupo especializado en Taxonom\u00eda, Filogenia y Diversidad Microbiana, 3-5 Julio - Alcala de Henares - Fundaci\u00f3n MEDINA","isPartOf":{"@id":"https:\/\/www.medinadiscovery.com\/es\/#website"},"primaryImageOfPage":{"@id":"https:\/\/www.medinadiscovery.com\/es\/xv-reunion-del-grupo-especializado-en-taxonomia-filogenia-y-diversidad-microbiana-3-4-y-5-del-proximo-mes-de-julio-en-alcala-de-henares-2\/#primaryimage"},"image":{"@id":"https:\/\/www.medinadiscovery.com\/es\/xv-reunion-del-grupo-especializado-en-taxonomia-filogenia-y-diversidad-microbiana-3-4-y-5-del-proximo-mes-de-julio-en-alcala-de-henares-2\/#primaryimage"},"thumbnailUrl":"https:\/\/www.medinadiscovery.com\/wp-content\/uploads\/2016\/07\/XVREUNINALCALA.png","datePublished":"2014-06-04T08:10:03+00:00","dateModified":"2016-08-18T12:59:53+00:00","breadcrumb":{"@id":"https:\/\/www.medinadiscovery.com\/es\/xv-reunion-del-grupo-especializado-en-taxonomia-filogenia-y-diversidad-microbiana-3-4-y-5-del-proximo-mes-de-julio-en-alcala-de-henares-2\/#breadcrumb"},"inLanguage":"es","potentialAction":[{"@type":"ReadAction","target":["https:\/\/www.medinadiscovery.com\/es\/xv-reunion-del-grupo-especializado-en-taxonomia-filogenia-y-diversidad-microbiana-3-4-y-5-del-proximo-mes-de-julio-en-alcala-de-henares-2\/"]}]},{"@type":"ImageObject","inLanguage":"es","@id":"https:\/\/www.medinadiscovery.com\/es\/xv-reunion-del-grupo-especializado-en-taxonomia-filogenia-y-diversidad-microbiana-3-4-y-5-del-proximo-mes-de-julio-en-alcala-de-henares-2\/#primaryimage","url":"https:\/\/www.medinadiscovery.com\/wp-content\/uploads\/2016\/07\/XVREUNINALCALA.png","contentUrl":"https:\/\/www.medinadiscovery.com\/wp-content\/uploads\/2016\/07\/XVREUNINALCALA.png","width":898,"height":235},{"@type":"BreadcrumbList","@id":"https:\/\/www.medinadiscovery.com\/es\/xv-reunion-del-grupo-especializado-en-taxonomia-filogenia-y-diversidad-microbiana-3-4-y-5-del-proximo-mes-de-julio-en-alcala-de-henares-2\/#breadcrumb","itemListElement":[{"@type":"ListItem","position":1,"name":"Home","item":"https:\/\/www.medinadiscovery.com\/es\/"},{"@type":"ListItem","position":2,"name":"\u25aa XV Reuni\u00f3n del Grupo especializado en Taxonom\u00eda, Filogenia y Diversidad Microbiana, 3-5 Julio &#8211; Alcala de Henares"}]},{"@type":"WebSite","@id":"https:\/\/www.medinadiscovery.com\/es\/#website","url":"https:\/\/www.medinadiscovery.com\/es\/","name":"Fundaci\u00f3n MEDINA","description":"Our mission on drug discovery and pharma research","publisher":{"@id":"https:\/\/www.medinadiscovery.com\/es\/#organization"},"potentialAction":[{"@type":"SearchAction","target":{"@type":"EntryPoint","urlTemplate":"https:\/\/www.medinadiscovery.com\/es\/?s={search_term_string}"},"query-input":{"@type":"PropertyValueSpecification","valueRequired":true,"valueName":"search_term_string"}}],"inLanguage":"es"},{"@type":"Organization","@id":"https:\/\/www.medinadiscovery.com\/es\/#organization","name":"Fundaci\u00f3n MEDINA","url":"https:\/\/www.medinadiscovery.com\/es\/","logo":{"@type":"ImageObject","inLanguage":"es","@id":"https:\/\/www.medinadiscovery.com\/es\/#\/schema\/logo\/image\/","url":"https:\/\/www.medinadiscovery.com\/wp-content\/uploads\/2025\/06\/logo_medina.png","contentUrl":"https:\/\/www.medinadiscovery.com\/wp-content\/uploads\/2025\/06\/logo_medina.png","width":1747,"height":456,"caption":"Fundaci\u00f3n MEDINA"},"image":{"@id":"https:\/\/www.medinadiscovery.com\/es\/#\/schema\/logo\/image\/"},"sameAs":["https:\/\/www.facebook.com\/MEDINADiscovery\/","https:\/\/x.com\/MedinaDiscovery"]},{"@type":"Person","@id":"https:\/\/www.medinadiscovery.com\/es\/#\/schema\/person\/62145ed43c23f69b11b09c5bf71dd5cf","name":"DeletedUser","image":{"@type":"ImageObject","inLanguage":"es","@id":"https:\/\/secure.gravatar.com\/avatar\/27a206f94337bd11b6dbcdc5eb6a906a75d62be00806e2a32f4551b9a16acccb?s=96&d=mm&r=g","url":"https:\/\/secure.gravatar.com\/avatar\/27a206f94337bd11b6dbcdc5eb6a906a75d62be00806e2a32f4551b9a16acccb?s=96&d=mm&r=g","contentUrl":"https:\/\/secure.gravatar.com\/avatar\/27a206f94337bd11b6dbcdc5eb6a906a75d62be00806e2a32f4551b9a16acccb?s=96&d=mm&r=g","caption":"DeletedUser"},"url":"https:\/\/www.medinadiscovery.com\/es\/author\/deleteduser\/"}]}},"_links":{"self":[{"href":"https:\/\/www.medinadiscovery.com\/es\/wp-json\/wp\/v2\/posts\/1044","targetHints":{"allow":["GET"]}}],"collection":[{"href":"https:\/\/www.medinadiscovery.com\/es\/wp-json\/wp\/v2\/posts"}],"about":[{"href":"https:\/\/www.medinadiscovery.com\/es\/wp-json\/wp\/v2\/types\/post"}],"author":[{"embeddable":true,"href":"https:\/\/www.medinadiscovery.com\/es\/wp-json\/wp\/v2\/users\/101011"}],"replies":[{"embeddable":true,"href":"https:\/\/www.medinadiscovery.com\/es\/wp-json\/wp\/v2\/comments?post=1044"}],"version-history":[{"count":9,"href":"https:\/\/www.medinadiscovery.com\/es\/wp-json\/wp\/v2\/posts\/1044\/revisions"}],"predecessor-version":[{"id":6352,"href":"https:\/\/www.medinadiscovery.com\/es\/wp-json\/wp\/v2\/posts\/1044\/revisions\/6352"}],"wp:featuredmedia":[{"embeddable":true,"href":"https:\/\/www.medinadiscovery.com\/es\/wp-json\/wp\/v2\/media\/6135"}],"wp:attachment":[{"href":"https:\/\/www.medinadiscovery.com\/es\/wp-json\/wp\/v2\/media?parent=1044"}],"wp:term":[{"taxonomy":"category","embeddable":true,"href":"https:\/\/www.medinadiscovery.com\/es\/wp-json\/wp\/v2\/categories?post=1044"},{"taxonomy":"post_tag","embeddable":true,"href":"https:\/\/www.medinadiscovery.com\/es\/wp-json\/wp\/v2\/tags?post=1044"}],"curies":[{"name":"wp","href":"https:\/\/api.w.org\/{rel}","templated":true}]}}