{"id":11076,"date":"2022-06-04T12:01:30","date_gmt":"2022-06-04T10:01:30","guid":{"rendered":"https:\/\/www.medinadiscovery.com\/es\/?p=11076"},"modified":"2022-06-30T13:59:13","modified_gmt":"2022-06-30T11:59:13","slug":"xxv-congreso-de-la-sociedad-espanola-de-enfermedades-infecciosas-y-microbiologia-clinica-granada-2-4-de-junio-de-2022","status":"publish","type":"post","link":"https:\/\/www.medinadiscovery.com\/es\/xxv-congreso-de-la-sociedad-espanola-de-enfermedades-infecciosas-y-microbiologia-clinica-granada-2-4-de-junio-de-2022\/","title":{"rendered":"XXV Congreso de la Sociedad Espa\u00f1ola de Enfermedades Infecciosas y Microbiolog\u00eda Cl\u00ednica, Granada 2 &#8211; 4 de junio de 2022"},"content":{"rendered":"<p style=\"text-align: left;\"><strong>4 junio, 2022<\/strong><\/p>\n<p style=\"text-align: left;\">Fundaci\u00f3n MEDINA ha asistido al XXV Congreso de la Sociedad Espa\u00f1ola de Enfermedades Infecciosas y Microbiolog\u00eda Cl\u00ednica, celebrado en Granada del 2 al 4 de junio de 2022.<\/p>\n<p style=\"text-align: left;\">Caridad D\u00edaz, Investigadora <em>Senior<\/em> del Departamento de <em>Screening<\/em> y Validaci\u00f3n de dianas en MEDINA, present\u00f3 una charla sobre &#8220;An\u00e1lisis transcript\u00f3mico y metabol\u00f3mico de la adaptaci\u00f3n de las cepas uropatog\u00e9nicas de<em> Escherichia coli<\/em> CFT073 y UPEC 536 a un medio de orina artificial&#8221;.<\/p>\n<p style=\"text-align: left;\"><span style=\"color: #ffffff;\">&#8230;<\/span><\/p>\n<p style=\"text-align: left;\"><a href=\"https:\/\/www.medinadiscovery.com\/wp-content\/uploads\/2022\/06\/Caridad-D.jpg\"><img loading=\"lazy\" decoding=\"async\" class=\"wp-image-11077 size-medium aligncenter\" src=\"https:\/\/www.medinadiscovery.com\/wp-content\/uploads\/2022\/06\/Caridad-D-300x225.jpg\" alt=\"\" width=\"300\" height=\"225\" srcset=\"https:\/\/www.medinadiscovery.com\/wp-content\/uploads\/2022\/06\/Caridad-D-300x225.jpg 300w, https:\/\/www.medinadiscovery.com\/wp-content\/uploads\/2022\/06\/Caridad-D-510x382.jpg 510w, https:\/\/www.medinadiscovery.com\/wp-content\/uploads\/2022\/06\/Caridad-D-768x576.jpg 768w, https:\/\/www.medinadiscovery.com\/wp-content\/uploads\/2022\/06\/Caridad-D-200x150.jpg 200w, https:\/\/www.medinadiscovery.com\/wp-content\/uploads\/2022\/06\/Caridad-D.jpg 800w\" sizes=\"(max-width: 300px) 100vw, 300px\" \/><\/a><\/p>\n<p style=\"text-align: left;\"><span style=\"color: #ffffff;\">&#8230;<\/span><\/p>\n<p style=\"text-align: left;\">Pilar S\u00e1nchez, Investigadora <em>Junior<\/em>, y Mercedes de la Cruz, Investigadora <em>Senior<\/em>, tambi\u00e9n ambas como integrantes del Departamento de <em>Screening<\/em> y Validaci\u00f3n de dianas en Fundaci\u00f3n\u00a0MEDINA, presentaron su poster sobre \u201cDesarrollo y validaci\u00f3n de un ensayo <em>in vitro<\/em> mimetizando las condiciones de orina para identificar nuevos compuestos activos frente a enterobacterias uropatog\u00e9nicas multirresistentes\u201d.<br \/>\nAmbos eventos se presentaron en el congreso como resultados del proyecto PI19\/00921 \u201cNuevos antibi\u00f3ticos contra pat\u00f3genos Gram negativos multirresistentes\u201d, financiado por el Instituto Carlos III.<\/p>\n<p style=\"text-align: left;\"><span style=\"color: #ffffff;\">&#8230;<\/span><\/p>\n<p style=\"text-align: left;\"><img loading=\"lazy\" decoding=\"async\" class=\"wp-image-11078 size-medium aligncenter\" src=\"https:\/\/www.medinadiscovery.com\/wp-content\/uploads\/2022\/06\/e121acb5-5e61-4c74-ad4f-2fc3e8a58608-225x300.jpg\" alt=\"\" width=\"225\" height=\"300\" srcset=\"https:\/\/www.medinadiscovery.com\/wp-content\/uploads\/2022\/06\/e121acb5-5e61-4c74-ad4f-2fc3e8a58608-225x300.jpg 225w, https:\/\/www.medinadiscovery.com\/wp-content\/uploads\/2022\/06\/e121acb5-5e61-4c74-ad4f-2fc3e8a58608.jpg 600w\" sizes=\"(max-width: 225px) 100vw, 225px\" \/><a href=\"https:\/\/lnkd.in\/e57EvYpz\">seimc2022<\/a><\/p>\n","protected":false},"excerpt":{"rendered":"<p>4 junio, 2022 Fundaci\u00f3n MEDINA ha asistido al XXV Congreso de la Sociedad Espa\u00f1ola de Enfermedades Infecciosas y Microbiolog\u00eda Cl\u00ednica, celebrado en Granada del 2 al 4 de junio de 2022. Caridad D\u00edaz, Investigadora Senior del Departamento de Screening y Validaci\u00f3n de dianas en MEDINA, present\u00f3 una charla sobre &#8220;An\u00e1lisis transcript\u00f3mico y metabol\u00f3mico de la [&hellip;]<\/p>\n","protected":false},"author":101014,"featured_media":11084,"comment_status":"closed","ping_status":"closed","sticky":false,"template":"","format":"standard","meta":{"_et_pb_use_builder":"off","_et_pb_old_content":"<p><strong>4 junio, 2022<\/strong><\/p><p>Fundaci\u00f3n MEDINA ha asistido al XXV Congreso de la Sociedad Espa\u00f1ola de Enfermedades Infecciosas y Microbiolog\u00eda Cl\u00ednica, celebrado en Granada del 2 al 4 de junio de 2022.<br \/> Caridad D\u00edaz, Investigadora <em>Senior<\/em> del Departamento de <em>Screening<\/em> y Validaci\u00f3n de dianas en MEDINA, present\u00f3 una charla sobre \"An\u00e1lisis transcript\u00f3mico y metabol\u00f3mico de la adaptaci\u00f3n de las cepas uropatog\u00e9nicas de<em> Escherichia coli<\/em> CFT073 y UPEC 536 a un medio de orina artificial\".<\/p><p><a href=\"https:\/\/www.medinadiscovery.com\/wp-content\/uploads\/2022\/06\/Caridad-D.jpg\"><img class=\"wp-image-11077 size-medium alignleft\" src=\"https:\/\/www.medinadiscovery.com\/wp-content\/uploads\/2022\/06\/Caridad-D-300x225.jpg\" alt=\"\" width=\"300\" height=\"225\" \/><\/a><\/p><p>\u00a0<\/p><p>\u00a0<\/p><p>\u00a0<\/p><p>\u00a0<\/p><p>\u00a0<\/p><p>\u00a0<\/p><p>\u00a0<\/p><p>\u00a0<\/p><p>Pilar S\u00e1nchez, Investigadora <em>Junior<\/em>, y Mercedes de la Cruz, Investigadora <em>Senior<\/em>, tambi\u00e9n ambas como integrantes del Departamento de <em>Screening<\/em> y Validaci\u00f3n de dianas en Fundaci\u00f3n MEDINA, presentaron su poster sobre \u201cDesarrollo y validaci\u00f3n de un ensayo <em>in vitro<\/em> mimetizando las condiciones de orina para identificar nuevos compuestos activos frente a enterobacterias uropatog\u00e9nicas multirresistentes\u201d.<br \/> Ambos eventos se presentaron en el congreso como resultados del proyecto PI19\/00921 \u201cNuevos antibi\u00f3ticos contra pat\u00f3genos Gram negativos multirresistentes\u201d, financiado por el Instituto Carlos III.<\/p><p><a href=\"https:\/\/www.medinadiscovery.com\/wp-content\/uploads\/2022\/06\/e121acb5-5e61-4c74-ad4f-2fc3e8a58608.jpg\"><img class=\"alignright wp-image-11078 size-medium\" src=\"https:\/\/www.medinadiscovery.com\/wp-content\/uploads\/2022\/06\/e121acb5-5e61-4c74-ad4f-2fc3e8a58608-225x300.jpg\" alt=\"\" width=\"225\" height=\"300\" \/><\/a><\/p><p>\u00a0<\/p><p>\u00a0<\/p><p>\u00a0<\/p><p>\u00a0<\/p><p>\u00a0<\/p><p>\u00a0<\/p><p>\u00a0<\/p><p><a href=\"https:\/\/lnkd.in\/e57EvYpz\">seimc2022<\/a><\/p>","_et_gb_content_width":"","_monsterinsights_skip_tracking":false,"_monsterinsights_sitenote_active":false,"_monsterinsights_sitenote_note":"","_monsterinsights_sitenote_category":0,"footnotes":""},"categories":[110,115,118,116],"tags":[],"class_list":["post-11076","post","type-post","status-publish","format-standard","has-post-thumbnail","hentry","category-archivo-de-noticias","category-archivo-de-noticias-es","category-archivo-noticias-medina","category-news-archive-es"],"yoast_head":"<!-- This site is optimized with the Yoast SEO plugin v27.5 - https:\/\/yoast.com\/product\/yoast-seo-wordpress\/ -->\n<title>XXV Congreso de la Sociedad Espa\u00f1ola de Enfermedades Infecciosas y Microbiolog\u00eda Cl\u00ednica, Granada 2 - 4 de junio de 2022 - Fundaci\u00f3n MEDINA<\/title>\n<meta name=\"robots\" content=\"index, follow, max-snippet:-1, max-image-preview:large, max-video-preview:-1\" \/>\n<link rel=\"canonical\" href=\"https:\/\/www.medinadiscovery.com\/es\/xxv-congreso-de-la-sociedad-espanola-de-enfermedades-infecciosas-y-microbiologia-clinica-granada-2-4-de-junio-de-2022\/\" \/>\n<meta property=\"og:locale\" content=\"es_ES\" \/>\n<meta property=\"og:type\" content=\"article\" \/>\n<meta property=\"og:title\" content=\"XXV Congreso de la Sociedad Espa\u00f1ola de Enfermedades Infecciosas y Microbiolog\u00eda Cl\u00ednica, Granada 2 - 4 de junio de 2022 - Fundaci\u00f3n MEDINA\" \/>\n<meta property=\"og:description\" content=\"4 junio, 2022 Fundaci\u00f3n MEDINA ha asistido al XXV Congreso de la Sociedad Espa\u00f1ola de Enfermedades Infecciosas y Microbiolog\u00eda Cl\u00ednica, celebrado en Granada del 2 al 4 de junio de 2022. Caridad D\u00edaz, Investigadora Senior del Departamento de Screening y Validaci\u00f3n de dianas en MEDINA, present\u00f3 una charla sobre &#8220;An\u00e1lisis transcript\u00f3mico y metabol\u00f3mico de la [&hellip;]\" \/>\n<meta property=\"og:url\" content=\"https:\/\/www.medinadiscovery.com\/es\/xxv-congreso-de-la-sociedad-espanola-de-enfermedades-infecciosas-y-microbiologia-clinica-granada-2-4-de-junio-de-2022\/\" \/>\n<meta property=\"og:site_name\" content=\"Fundaci\u00f3n MEDINA\" \/>\n<meta property=\"article:publisher\" content=\"https:\/\/www.facebook.com\/MEDINADiscovery\/\" \/>\n<meta property=\"article:published_time\" content=\"2022-06-04T10:01:30+00:00\" \/>\n<meta property=\"article:modified_time\" content=\"2022-06-30T11:59:13+00:00\" \/>\n<meta property=\"og:image\" content=\"https:\/\/www.medinadiscovery.com\/wp-content\/uploads\/2022\/06\/3SEIMC_22_POST.png\" \/>\n\t<meta property=\"og:image:width\" content=\"1085\" \/>\n\t<meta property=\"og:image:height\" content=\"603\" \/>\n\t<meta property=\"og:image:type\" content=\"image\/png\" \/>\n<meta name=\"author\" content=\"Manuela Anti\u00f1olo\" \/>\n<meta name=\"twitter:card\" content=\"summary_large_image\" \/>\n<meta name=\"twitter:creator\" content=\"@MedinaDiscovery\" \/>\n<meta name=\"twitter:site\" content=\"@MedinaDiscovery\" \/>\n<meta name=\"twitter:label1\" content=\"Escrito por\" \/>\n\t<meta name=\"twitter:data1\" content=\"Manuela Anti\u00f1olo\" \/>\n\t<meta name=\"twitter:label2\" content=\"Tiempo de lectura\" \/>\n\t<meta name=\"twitter:data2\" content=\"1 minuto\" \/>\n<script type=\"application\/ld+json\" class=\"yoast-schema-graph\">{\"@context\":\"https:\\\/\\\/schema.org\",\"@graph\":[{\"@type\":\"Article\",\"@id\":\"https:\\\/\\\/www.medinadiscovery.com\\\/es\\\/xxv-congreso-de-la-sociedad-espanola-de-enfermedades-infecciosas-y-microbiologia-clinica-granada-2-4-de-junio-de-2022\\\/#article\",\"isPartOf\":{\"@id\":\"https:\\\/\\\/www.medinadiscovery.com\\\/es\\\/xxv-congreso-de-la-sociedad-espanola-de-enfermedades-infecciosas-y-microbiologia-clinica-granada-2-4-de-junio-de-2022\\\/\"},\"author\":{\"name\":\"Manuela Anti\u00f1olo\",\"@id\":\"https:\\\/\\\/www.medinadiscovery.com\\\/es\\\/#\\\/schema\\\/person\\\/a63d35646738c6cd14d0cd726ef6fe78\"},\"headline\":\"XXV Congreso de la Sociedad Espa\u00f1ola de Enfermedades Infecciosas y Microbiolog\u00eda Cl\u00ednica, Granada 2 &#8211; 4 de junio de 2022\",\"datePublished\":\"2022-06-04T10:01:30+00:00\",\"dateModified\":\"2022-06-30T11:59:13+00:00\",\"mainEntityOfPage\":{\"@id\":\"https:\\\/\\\/www.medinadiscovery.com\\\/es\\\/xxv-congreso-de-la-sociedad-espanola-de-enfermedades-infecciosas-y-microbiologia-clinica-granada-2-4-de-junio-de-2022\\\/\"},\"wordCount\":185,\"publisher\":{\"@id\":\"https:\\\/\\\/www.medinadiscovery.com\\\/es\\\/#organization\"},\"image\":{\"@id\":\"https:\\\/\\\/www.medinadiscovery.com\\\/es\\\/xxv-congreso-de-la-sociedad-espanola-de-enfermedades-infecciosas-y-microbiologia-clinica-granada-2-4-de-junio-de-2022\\\/#primaryimage\"},\"thumbnailUrl\":\"https:\\\/\\\/www.medinadiscovery.com\\\/wp-content\\\/uploads\\\/2022\\\/06\\\/3SEIMC_22_POST.png\",\"articleSection\":[\"Archivo de Noticias\",\"Archivo de Noticias ES\",\"ARCHIVO NOTICIAS MEDINA\",\"News archive ES\"],\"inLanguage\":\"es\"},{\"@type\":\"WebPage\",\"@id\":\"https:\\\/\\\/www.medinadiscovery.com\\\/es\\\/xxv-congreso-de-la-sociedad-espanola-de-enfermedades-infecciosas-y-microbiologia-clinica-granada-2-4-de-junio-de-2022\\\/\",\"url\":\"https:\\\/\\\/www.medinadiscovery.com\\\/es\\\/xxv-congreso-de-la-sociedad-espanola-de-enfermedades-infecciosas-y-microbiologia-clinica-granada-2-4-de-junio-de-2022\\\/\",\"name\":\"XXV Congreso de la Sociedad Espa\u00f1ola de Enfermedades Infecciosas y Microbiolog\u00eda Cl\u00ednica, Granada 2 - 4 de junio de 2022 - Fundaci\u00f3n MEDINA\",\"isPartOf\":{\"@id\":\"https:\\\/\\\/www.medinadiscovery.com\\\/es\\\/#website\"},\"primaryImageOfPage\":{\"@id\":\"https:\\\/\\\/www.medinadiscovery.com\\\/es\\\/xxv-congreso-de-la-sociedad-espanola-de-enfermedades-infecciosas-y-microbiologia-clinica-granada-2-4-de-junio-de-2022\\\/#primaryimage\"},\"image\":{\"@id\":\"https:\\\/\\\/www.medinadiscovery.com\\\/es\\\/xxv-congreso-de-la-sociedad-espanola-de-enfermedades-infecciosas-y-microbiologia-clinica-granada-2-4-de-junio-de-2022\\\/#primaryimage\"},\"thumbnailUrl\":\"https:\\\/\\\/www.medinadiscovery.com\\\/wp-content\\\/uploads\\\/2022\\\/06\\\/3SEIMC_22_POST.png\",\"datePublished\":\"2022-06-04T10:01:30+00:00\",\"dateModified\":\"2022-06-30T11:59:13+00:00\",\"breadcrumb\":{\"@id\":\"https:\\\/\\\/www.medinadiscovery.com\\\/es\\\/xxv-congreso-de-la-sociedad-espanola-de-enfermedades-infecciosas-y-microbiologia-clinica-granada-2-4-de-junio-de-2022\\\/#breadcrumb\"},\"inLanguage\":\"es\",\"potentialAction\":[{\"@type\":\"ReadAction\",\"target\":[\"https:\\\/\\\/www.medinadiscovery.com\\\/es\\\/xxv-congreso-de-la-sociedad-espanola-de-enfermedades-infecciosas-y-microbiologia-clinica-granada-2-4-de-junio-de-2022\\\/\"]}]},{\"@type\":\"ImageObject\",\"inLanguage\":\"es\",\"@id\":\"https:\\\/\\\/www.medinadiscovery.com\\\/es\\\/xxv-congreso-de-la-sociedad-espanola-de-enfermedades-infecciosas-y-microbiologia-clinica-granada-2-4-de-junio-de-2022\\\/#primaryimage\",\"url\":\"https:\\\/\\\/www.medinadiscovery.com\\\/wp-content\\\/uploads\\\/2022\\\/06\\\/3SEIMC_22_POST.png\",\"contentUrl\":\"https:\\\/\\\/www.medinadiscovery.com\\\/wp-content\\\/uploads\\\/2022\\\/06\\\/3SEIMC_22_POST.png\",\"width\":1085,\"height\":603},{\"@type\":\"BreadcrumbList\",\"@id\":\"https:\\\/\\\/www.medinadiscovery.com\\\/es\\\/xxv-congreso-de-la-sociedad-espanola-de-enfermedades-infecciosas-y-microbiologia-clinica-granada-2-4-de-junio-de-2022\\\/#breadcrumb\",\"itemListElement\":[{\"@type\":\"ListItem\",\"position\":1,\"name\":\"Home\",\"item\":\"https:\\\/\\\/www.medinadiscovery.com\\\/es\\\/\"},{\"@type\":\"ListItem\",\"position\":2,\"name\":\"XXV Congreso de la Sociedad Espa\u00f1ola de Enfermedades Infecciosas y Microbiolog\u00eda Cl\u00ednica, Granada 2 &#8211; 4 de junio de 2022\"}]},{\"@type\":\"WebSite\",\"@id\":\"https:\\\/\\\/www.medinadiscovery.com\\\/es\\\/#website\",\"url\":\"https:\\\/\\\/www.medinadiscovery.com\\\/es\\\/\",\"name\":\"Fundaci\u00f3n MEDINA\",\"description\":\"Our mission on drug discovery and pharma research\",\"publisher\":{\"@id\":\"https:\\\/\\\/www.medinadiscovery.com\\\/es\\\/#organization\"},\"potentialAction\":[{\"@type\":\"SearchAction\",\"target\":{\"@type\":\"EntryPoint\",\"urlTemplate\":\"https:\\\/\\\/www.medinadiscovery.com\\\/es\\\/?s={search_term_string}\"},\"query-input\":{\"@type\":\"PropertyValueSpecification\",\"valueRequired\":true,\"valueName\":\"search_term_string\"}}],\"inLanguage\":\"es\"},{\"@type\":\"Organization\",\"@id\":\"https:\\\/\\\/www.medinadiscovery.com\\\/es\\\/#organization\",\"name\":\"Fundaci\u00f3n MEDINA\",\"url\":\"https:\\\/\\\/www.medinadiscovery.com\\\/es\\\/\",\"logo\":{\"@type\":\"ImageObject\",\"inLanguage\":\"es\",\"@id\":\"https:\\\/\\\/www.medinadiscovery.com\\\/es\\\/#\\\/schema\\\/logo\\\/image\\\/\",\"url\":\"https:\\\/\\\/www.medinadiscovery.com\\\/wp-content\\\/uploads\\\/2025\\\/06\\\/logo_medina.png\",\"contentUrl\":\"https:\\\/\\\/www.medinadiscovery.com\\\/wp-content\\\/uploads\\\/2025\\\/06\\\/logo_medina.png\",\"width\":1747,\"height\":456,\"caption\":\"Fundaci\u00f3n MEDINA\"},\"image\":{\"@id\":\"https:\\\/\\\/www.medinadiscovery.com\\\/es\\\/#\\\/schema\\\/logo\\\/image\\\/\"},\"sameAs\":[\"https:\\\/\\\/www.facebook.com\\\/MEDINADiscovery\\\/\",\"https:\\\/\\\/x.com\\\/MedinaDiscovery\"]},{\"@type\":\"Person\",\"@id\":\"https:\\\/\\\/www.medinadiscovery.com\\\/es\\\/#\\\/schema\\\/person\\\/a63d35646738c6cd14d0cd726ef6fe78\",\"name\":\"Manuela Anti\u00f1olo\",\"image\":{\"@type\":\"ImageObject\",\"inLanguage\":\"es\",\"@id\":\"https:\\\/\\\/secure.gravatar.com\\\/avatar\\\/4b23093454bc1c015eb10866d85bfd7bd0fdafce8e0f1561bacdba52b9e7f8a5?s=96&d=mm&r=g\",\"url\":\"https:\\\/\\\/secure.gravatar.com\\\/avatar\\\/4b23093454bc1c015eb10866d85bfd7bd0fdafce8e0f1561bacdba52b9e7f8a5?s=96&d=mm&r=g\",\"contentUrl\":\"https:\\\/\\\/secure.gravatar.com\\\/avatar\\\/4b23093454bc1c015eb10866d85bfd7bd0fdafce8e0f1561bacdba52b9e7f8a5?s=96&d=mm&r=g\",\"caption\":\"Manuela Anti\u00f1olo\"},\"url\":\"https:\\\/\\\/www.medinadiscovery.com\\\/es\\\/author\\\/antinolom\\\/\"}]}<\/script>\n<!-- \/ Yoast SEO plugin. -->","yoast_head_json":{"title":"XXV Congreso de la Sociedad Espa\u00f1ola de Enfermedades Infecciosas y Microbiolog\u00eda Cl\u00ednica, Granada 2 - 4 de junio de 2022 - Fundaci\u00f3n MEDINA","robots":{"index":"index","follow":"follow","max-snippet":"max-snippet:-1","max-image-preview":"max-image-preview:large","max-video-preview":"max-video-preview:-1"},"canonical":"https:\/\/www.medinadiscovery.com\/es\/xxv-congreso-de-la-sociedad-espanola-de-enfermedades-infecciosas-y-microbiologia-clinica-granada-2-4-de-junio-de-2022\/","og_locale":"es_ES","og_type":"article","og_title":"XXV Congreso de la Sociedad Espa\u00f1ola de Enfermedades Infecciosas y Microbiolog\u00eda Cl\u00ednica, Granada 2 - 4 de junio de 2022 - Fundaci\u00f3n MEDINA","og_description":"4 junio, 2022 Fundaci\u00f3n MEDINA ha asistido al XXV Congreso de la Sociedad Espa\u00f1ola de Enfermedades Infecciosas y Microbiolog\u00eda Cl\u00ednica, celebrado en Granada del 2 al 4 de junio de 2022. Caridad D\u00edaz, Investigadora Senior del Departamento de Screening y Validaci\u00f3n de dianas en MEDINA, present\u00f3 una charla sobre &#8220;An\u00e1lisis transcript\u00f3mico y metabol\u00f3mico de la [&hellip;]","og_url":"https:\/\/www.medinadiscovery.com\/es\/xxv-congreso-de-la-sociedad-espanola-de-enfermedades-infecciosas-y-microbiologia-clinica-granada-2-4-de-junio-de-2022\/","og_site_name":"Fundaci\u00f3n MEDINA","article_publisher":"https:\/\/www.facebook.com\/MEDINADiscovery\/","article_published_time":"2022-06-04T10:01:30+00:00","article_modified_time":"2022-06-30T11:59:13+00:00","og_image":[{"width":1085,"height":603,"url":"https:\/\/www.medinadiscovery.com\/wp-content\/uploads\/2022\/06\/3SEIMC_22_POST.png","type":"image\/png"}],"author":"Manuela Anti\u00f1olo","twitter_card":"summary_large_image","twitter_creator":"@MedinaDiscovery","twitter_site":"@MedinaDiscovery","twitter_misc":{"Escrito por":"Manuela Anti\u00f1olo","Tiempo de lectura":"1 minuto"},"schema":{"@context":"https:\/\/schema.org","@graph":[{"@type":"Article","@id":"https:\/\/www.medinadiscovery.com\/es\/xxv-congreso-de-la-sociedad-espanola-de-enfermedades-infecciosas-y-microbiologia-clinica-granada-2-4-de-junio-de-2022\/#article","isPartOf":{"@id":"https:\/\/www.medinadiscovery.com\/es\/xxv-congreso-de-la-sociedad-espanola-de-enfermedades-infecciosas-y-microbiologia-clinica-granada-2-4-de-junio-de-2022\/"},"author":{"name":"Manuela Anti\u00f1olo","@id":"https:\/\/www.medinadiscovery.com\/es\/#\/schema\/person\/a63d35646738c6cd14d0cd726ef6fe78"},"headline":"XXV Congreso de la Sociedad Espa\u00f1ola de Enfermedades Infecciosas y Microbiolog\u00eda Cl\u00ednica, Granada 2 &#8211; 4 de junio de 2022","datePublished":"2022-06-04T10:01:30+00:00","dateModified":"2022-06-30T11:59:13+00:00","mainEntityOfPage":{"@id":"https:\/\/www.medinadiscovery.com\/es\/xxv-congreso-de-la-sociedad-espanola-de-enfermedades-infecciosas-y-microbiologia-clinica-granada-2-4-de-junio-de-2022\/"},"wordCount":185,"publisher":{"@id":"https:\/\/www.medinadiscovery.com\/es\/#organization"},"image":{"@id":"https:\/\/www.medinadiscovery.com\/es\/xxv-congreso-de-la-sociedad-espanola-de-enfermedades-infecciosas-y-microbiologia-clinica-granada-2-4-de-junio-de-2022\/#primaryimage"},"thumbnailUrl":"https:\/\/www.medinadiscovery.com\/wp-content\/uploads\/2022\/06\/3SEIMC_22_POST.png","articleSection":["Archivo de Noticias","Archivo de Noticias ES","ARCHIVO NOTICIAS MEDINA","News archive ES"],"inLanguage":"es"},{"@type":"WebPage","@id":"https:\/\/www.medinadiscovery.com\/es\/xxv-congreso-de-la-sociedad-espanola-de-enfermedades-infecciosas-y-microbiologia-clinica-granada-2-4-de-junio-de-2022\/","url":"https:\/\/www.medinadiscovery.com\/es\/xxv-congreso-de-la-sociedad-espanola-de-enfermedades-infecciosas-y-microbiologia-clinica-granada-2-4-de-junio-de-2022\/","name":"XXV Congreso de la Sociedad Espa\u00f1ola de Enfermedades Infecciosas y Microbiolog\u00eda Cl\u00ednica, Granada 2 - 4 de junio de 2022 - Fundaci\u00f3n MEDINA","isPartOf":{"@id":"https:\/\/www.medinadiscovery.com\/es\/#website"},"primaryImageOfPage":{"@id":"https:\/\/www.medinadiscovery.com\/es\/xxv-congreso-de-la-sociedad-espanola-de-enfermedades-infecciosas-y-microbiologia-clinica-granada-2-4-de-junio-de-2022\/#primaryimage"},"image":{"@id":"https:\/\/www.medinadiscovery.com\/es\/xxv-congreso-de-la-sociedad-espanola-de-enfermedades-infecciosas-y-microbiologia-clinica-granada-2-4-de-junio-de-2022\/#primaryimage"},"thumbnailUrl":"https:\/\/www.medinadiscovery.com\/wp-content\/uploads\/2022\/06\/3SEIMC_22_POST.png","datePublished":"2022-06-04T10:01:30+00:00","dateModified":"2022-06-30T11:59:13+00:00","breadcrumb":{"@id":"https:\/\/www.medinadiscovery.com\/es\/xxv-congreso-de-la-sociedad-espanola-de-enfermedades-infecciosas-y-microbiologia-clinica-granada-2-4-de-junio-de-2022\/#breadcrumb"},"inLanguage":"es","potentialAction":[{"@type":"ReadAction","target":["https:\/\/www.medinadiscovery.com\/es\/xxv-congreso-de-la-sociedad-espanola-de-enfermedades-infecciosas-y-microbiologia-clinica-granada-2-4-de-junio-de-2022\/"]}]},{"@type":"ImageObject","inLanguage":"es","@id":"https:\/\/www.medinadiscovery.com\/es\/xxv-congreso-de-la-sociedad-espanola-de-enfermedades-infecciosas-y-microbiologia-clinica-granada-2-4-de-junio-de-2022\/#primaryimage","url":"https:\/\/www.medinadiscovery.com\/wp-content\/uploads\/2022\/06\/3SEIMC_22_POST.png","contentUrl":"https:\/\/www.medinadiscovery.com\/wp-content\/uploads\/2022\/06\/3SEIMC_22_POST.png","width":1085,"height":603},{"@type":"BreadcrumbList","@id":"https:\/\/www.medinadiscovery.com\/es\/xxv-congreso-de-la-sociedad-espanola-de-enfermedades-infecciosas-y-microbiologia-clinica-granada-2-4-de-junio-de-2022\/#breadcrumb","itemListElement":[{"@type":"ListItem","position":1,"name":"Home","item":"https:\/\/www.medinadiscovery.com\/es\/"},{"@type":"ListItem","position":2,"name":"XXV Congreso de la Sociedad Espa\u00f1ola de Enfermedades Infecciosas y Microbiolog\u00eda Cl\u00ednica, Granada 2 &#8211; 4 de junio de 2022"}]},{"@type":"WebSite","@id":"https:\/\/www.medinadiscovery.com\/es\/#website","url":"https:\/\/www.medinadiscovery.com\/es\/","name":"Fundaci\u00f3n MEDINA","description":"Our mission on drug discovery and pharma research","publisher":{"@id":"https:\/\/www.medinadiscovery.com\/es\/#organization"},"potentialAction":[{"@type":"SearchAction","target":{"@type":"EntryPoint","urlTemplate":"https:\/\/www.medinadiscovery.com\/es\/?s={search_term_string}"},"query-input":{"@type":"PropertyValueSpecification","valueRequired":true,"valueName":"search_term_string"}}],"inLanguage":"es"},{"@type":"Organization","@id":"https:\/\/www.medinadiscovery.com\/es\/#organization","name":"Fundaci\u00f3n MEDINA","url":"https:\/\/www.medinadiscovery.com\/es\/","logo":{"@type":"ImageObject","inLanguage":"es","@id":"https:\/\/www.medinadiscovery.com\/es\/#\/schema\/logo\/image\/","url":"https:\/\/www.medinadiscovery.com\/wp-content\/uploads\/2025\/06\/logo_medina.png","contentUrl":"https:\/\/www.medinadiscovery.com\/wp-content\/uploads\/2025\/06\/logo_medina.png","width":1747,"height":456,"caption":"Fundaci\u00f3n MEDINA"},"image":{"@id":"https:\/\/www.medinadiscovery.com\/es\/#\/schema\/logo\/image\/"},"sameAs":["https:\/\/www.facebook.com\/MEDINADiscovery\/","https:\/\/x.com\/MedinaDiscovery"]},{"@type":"Person","@id":"https:\/\/www.medinadiscovery.com\/es\/#\/schema\/person\/a63d35646738c6cd14d0cd726ef6fe78","name":"Manuela Anti\u00f1olo","image":{"@type":"ImageObject","inLanguage":"es","@id":"https:\/\/secure.gravatar.com\/avatar\/4b23093454bc1c015eb10866d85bfd7bd0fdafce8e0f1561bacdba52b9e7f8a5?s=96&d=mm&r=g","url":"https:\/\/secure.gravatar.com\/avatar\/4b23093454bc1c015eb10866d85bfd7bd0fdafce8e0f1561bacdba52b9e7f8a5?s=96&d=mm&r=g","contentUrl":"https:\/\/secure.gravatar.com\/avatar\/4b23093454bc1c015eb10866d85bfd7bd0fdafce8e0f1561bacdba52b9e7f8a5?s=96&d=mm&r=g","caption":"Manuela Anti\u00f1olo"},"url":"https:\/\/www.medinadiscovery.com\/es\/author\/antinolom\/"}]}},"_links":{"self":[{"href":"https:\/\/www.medinadiscovery.com\/es\/wp-json\/wp\/v2\/posts\/11076","targetHints":{"allow":["GET"]}}],"collection":[{"href":"https:\/\/www.medinadiscovery.com\/es\/wp-json\/wp\/v2\/posts"}],"about":[{"href":"https:\/\/www.medinadiscovery.com\/es\/wp-json\/wp\/v2\/types\/post"}],"author":[{"embeddable":true,"href":"https:\/\/www.medinadiscovery.com\/es\/wp-json\/wp\/v2\/users\/101014"}],"replies":[{"embeddable":true,"href":"https:\/\/www.medinadiscovery.com\/es\/wp-json\/wp\/v2\/comments?post=11076"}],"version-history":[{"count":30,"href":"https:\/\/www.medinadiscovery.com\/es\/wp-json\/wp\/v2\/posts\/11076\/revisions"}],"predecessor-version":[{"id":11116,"href":"https:\/\/www.medinadiscovery.com\/es\/wp-json\/wp\/v2\/posts\/11076\/revisions\/11116"}],"wp:featuredmedia":[{"embeddable":true,"href":"https:\/\/www.medinadiscovery.com\/es\/wp-json\/wp\/v2\/media\/11084"}],"wp:attachment":[{"href":"https:\/\/www.medinadiscovery.com\/es\/wp-json\/wp\/v2\/media?parent=11076"}],"wp:term":[{"taxonomy":"category","embeddable":true,"href":"https:\/\/www.medinadiscovery.com\/es\/wp-json\/wp\/v2\/categories?post=11076"},{"taxonomy":"post_tag","embeddable":true,"href":"https:\/\/www.medinadiscovery.com\/es\/wp-json\/wp\/v2\/tags?post=11076"}],"curies":[{"name":"wp","href":"https:\/\/api.w.org\/{rel}","templated":true}]}}