{"id":8427,"date":"2018-06-20T10:37:09","date_gmt":"2018-06-20T08:37:09","guid":{"rendered":"https:\/\/www.medinadiscovery.com\/es\/?p=8427"},"modified":"2018-07-27T11:35:59","modified_gmt":"2018-07-27T09:35:59","slug":"biopesticides-europe-2018-6-7-de-junio-amsterdam-paises-bajos","status":"publish","type":"post","link":"https:\/\/www.medinadiscovery.com\/es\/biopesticides-europe-2018-6-7-de-junio-amsterdam-paises-bajos\/","title":{"rendered":"\u25aa Biopesticides Europe 2018, 6-7 de Junio, Amsterdam \u2013 Pa\u00edses bajos"},"content":{"rendered":"<p>Dentro de los esfuerzos globales hacia una agricultura sostenible, los biopesticidas ofrecen una alternativa cada d\u00eda m\u00e1s plausible al uso de pesticidas sint\u00e9ticos. La Colecci\u00f3n de Cultivos de la Fundaci\u00f3n MEDINA alberga una gran diversidad de microorganismos capaces de combatir importantes fitopat\u00f3genos causantes de p\u00e9rdidas millonarias en los cultivos agr\u00edcolas. MEDINA acudi\u00f3 al congreso Europeo de Biopesticidas 2018 donde tanto empresas como centros de investigaci\u00f3n presentaron sus nuevas estrategias en investigaci\u00f3n y desarrollo de nuevos productos compatibles con la nueva regulaci\u00f3n Europea. Victor Gonz\u00e1lez Men\u00e9ndez, investigador del departamento de Microbiolog\u00eda, asisti\u00f3 como ponente con la charla \u201cEndophytes as biocontrol agent against fungal phytopathogens\u201d presentando algunos resultados obtenidos por MEDINA en el \u00e1mbito de la protecci\u00f3n de cultivos.<\/p>\n","protected":false},"excerpt":{"rendered":"<p>Dentro de los esfuerzos globales hacia una agricultura sostenible, los biopesticidas ofrecen una alternativa cada d\u00eda m\u00e1s plausible al uso de pesticidas sint\u00e9ticos. La Colecci\u00f3n de Cultivos de la Fundaci\u00f3n MEDINA alberga una gran diversidad de microorganismos capaces de combatir importantes fitopat\u00f3genos causantes de p\u00e9rdidas millonarias en los cultivos agr\u00edcolas. MEDINA acudi\u00f3 al congreso Europeo [&hellip;]<\/p>\n","protected":false},"author":40885,"featured_media":8425,"comment_status":"closed","ping_status":"closed","sticky":false,"template":"","format":"standard","meta":{"_et_pb_use_builder":"","_et_pb_old_content":"","_et_gb_content_width":"","_monsterinsights_skip_tracking":false,"_monsterinsights_sitenote_active":false,"_monsterinsights_sitenote_note":"","_monsterinsights_sitenote_category":0,"footnotes":""},"categories":[110,115,118,116],"tags":[],"class_list":["post-8427","post","type-post","status-publish","format-standard","has-post-thumbnail","hentry","category-archivo-de-noticias","category-archivo-de-noticias-es","category-archivo-noticias-medina","category-news-archive-es"],"yoast_head":"<!-- This site is optimized with the Yoast SEO plugin v27.4 - https:\/\/yoast.com\/product\/yoast-seo-wordpress\/ -->\n<title>\u25aa Biopesticides Europe 2018, 6-7 de Junio, Amsterdam \u2013 Pa\u00edses bajos - Fundaci\u00f3n MEDINA<\/title>\n<meta name=\"robots\" content=\"index, follow, max-snippet:-1, max-image-preview:large, max-video-preview:-1\" \/>\n<link rel=\"canonical\" href=\"https:\/\/www.medinadiscovery.com\/es\/biopesticides-europe-2018-6-7-de-junio-amsterdam-paises-bajos\/\" \/>\n<meta property=\"og:locale\" content=\"es_ES\" \/>\n<meta property=\"og:type\" content=\"article\" \/>\n<meta property=\"og:title\" content=\"\u25aa Biopesticides Europe 2018, 6-7 de Junio, Amsterdam \u2013 Pa\u00edses bajos - Fundaci\u00f3n MEDINA\" \/>\n<meta property=\"og:description\" content=\"Dentro de los esfuerzos globales hacia una agricultura sostenible, los biopesticidas ofrecen una alternativa cada d\u00eda m\u00e1s plausible al uso de pesticidas sint\u00e9ticos. La Colecci\u00f3n de Cultivos de la Fundaci\u00f3n MEDINA alberga una gran diversidad de microorganismos capaces de combatir importantes fitopat\u00f3genos causantes de p\u00e9rdidas millonarias en los cultivos agr\u00edcolas. MEDINA acudi\u00f3 al congreso Europeo [&hellip;]\" \/>\n<meta property=\"og:url\" content=\"https:\/\/www.medinadiscovery.com\/es\/biopesticides-europe-2018-6-7-de-junio-amsterdam-paises-bajos\/\" \/>\n<meta property=\"og:site_name\" content=\"Fundaci\u00f3n MEDINA\" \/>\n<meta property=\"article:publisher\" content=\"https:\/\/www.facebook.com\/MEDINADiscovery\/\" \/>\n<meta property=\"article:published_time\" content=\"2018-06-20T08:37:09+00:00\" \/>\n<meta property=\"article:modified_time\" content=\"2018-07-27T09:35:59+00:00\" \/>\n<meta property=\"og:image\" content=\"https:\/\/www.medinadiscovery.com\/wp-content\/uploads\/2018\/07\/cabecerabiopesticides2018.jpg\" \/>\n\t<meta property=\"og:image:width\" content=\"916\" \/>\n\t<meta property=\"og:image:height\" content=\"405\" \/>\n\t<meta property=\"og:image:type\" content=\"image\/jpeg\" \/>\n<meta name=\"author\" content=\"Nathalie\" \/>\n<meta name=\"twitter:card\" content=\"summary_large_image\" \/>\n<meta name=\"twitter:creator\" content=\"@MedinaDiscovery\" \/>\n<meta name=\"twitter:site\" content=\"@MedinaDiscovery\" \/>\n<meta name=\"twitter:label1\" content=\"Escrito por\" \/>\n\t<meta name=\"twitter:data1\" content=\"Nathalie\" \/>\n\t<meta name=\"twitter:label2\" content=\"Tiempo de lectura\" \/>\n\t<meta name=\"twitter:data2\" content=\"1 minuto\" \/>\n<script type=\"application\/ld+json\" class=\"yoast-schema-graph\">{\"@context\":\"https:\\\/\\\/schema.org\",\"@graph\":[{\"@type\":\"Article\",\"@id\":\"https:\\\/\\\/www.medinadiscovery.com\\\/es\\\/biopesticides-europe-2018-6-7-de-junio-amsterdam-paises-bajos\\\/#article\",\"isPartOf\":{\"@id\":\"https:\\\/\\\/www.medinadiscovery.com\\\/es\\\/biopesticides-europe-2018-6-7-de-junio-amsterdam-paises-bajos\\\/\"},\"author\":{\"name\":\"Nathalie\",\"@id\":\"https:\\\/\\\/www.medinadiscovery.com\\\/es\\\/#\\\/schema\\\/person\\\/3bba6446c411ea6756e31bdad6fe800e\"},\"headline\":\"\u25aa Biopesticides Europe 2018, 6-7 de Junio, Amsterdam \u2013 Pa\u00edses bajos\",\"datePublished\":\"2018-06-20T08:37:09+00:00\",\"dateModified\":\"2018-07-27T09:35:59+00:00\",\"mainEntityOfPage\":{\"@id\":\"https:\\\/\\\/www.medinadiscovery.com\\\/es\\\/biopesticides-europe-2018-6-7-de-junio-amsterdam-paises-bajos\\\/\"},\"wordCount\":140,\"publisher\":{\"@id\":\"https:\\\/\\\/www.medinadiscovery.com\\\/es\\\/#organization\"},\"image\":{\"@id\":\"https:\\\/\\\/www.medinadiscovery.com\\\/es\\\/biopesticides-europe-2018-6-7-de-junio-amsterdam-paises-bajos\\\/#primaryimage\"},\"thumbnailUrl\":\"https:\\\/\\\/www.medinadiscovery.com\\\/wp-content\\\/uploads\\\/2018\\\/07\\\/cabecerabiopesticides2018.jpg\",\"articleSection\":[\"Archivo de Noticias\",\"Archivo de Noticias ES\",\"ARCHIVO NOTICIAS MEDINA\",\"News archive ES\"],\"inLanguage\":\"es\"},{\"@type\":\"WebPage\",\"@id\":\"https:\\\/\\\/www.medinadiscovery.com\\\/es\\\/biopesticides-europe-2018-6-7-de-junio-amsterdam-paises-bajos\\\/\",\"url\":\"https:\\\/\\\/www.medinadiscovery.com\\\/es\\\/biopesticides-europe-2018-6-7-de-junio-amsterdam-paises-bajos\\\/\",\"name\":\"\u25aa Biopesticides Europe 2018, 6-7 de Junio, Amsterdam \u2013 Pa\u00edses bajos - Fundaci\u00f3n MEDINA\",\"isPartOf\":{\"@id\":\"https:\\\/\\\/www.medinadiscovery.com\\\/es\\\/#website\"},\"primaryImageOfPage\":{\"@id\":\"https:\\\/\\\/www.medinadiscovery.com\\\/es\\\/biopesticides-europe-2018-6-7-de-junio-amsterdam-paises-bajos\\\/#primaryimage\"},\"image\":{\"@id\":\"https:\\\/\\\/www.medinadiscovery.com\\\/es\\\/biopesticides-europe-2018-6-7-de-junio-amsterdam-paises-bajos\\\/#primaryimage\"},\"thumbnailUrl\":\"https:\\\/\\\/www.medinadiscovery.com\\\/wp-content\\\/uploads\\\/2018\\\/07\\\/cabecerabiopesticides2018.jpg\",\"datePublished\":\"2018-06-20T08:37:09+00:00\",\"dateModified\":\"2018-07-27T09:35:59+00:00\",\"breadcrumb\":{\"@id\":\"https:\\\/\\\/www.medinadiscovery.com\\\/es\\\/biopesticides-europe-2018-6-7-de-junio-amsterdam-paises-bajos\\\/#breadcrumb\"},\"inLanguage\":\"es\",\"potentialAction\":[{\"@type\":\"ReadAction\",\"target\":[\"https:\\\/\\\/www.medinadiscovery.com\\\/es\\\/biopesticides-europe-2018-6-7-de-junio-amsterdam-paises-bajos\\\/\"]}]},{\"@type\":\"ImageObject\",\"inLanguage\":\"es\",\"@id\":\"https:\\\/\\\/www.medinadiscovery.com\\\/es\\\/biopesticides-europe-2018-6-7-de-junio-amsterdam-paises-bajos\\\/#primaryimage\",\"url\":\"https:\\\/\\\/www.medinadiscovery.com\\\/wp-content\\\/uploads\\\/2018\\\/07\\\/cabecerabiopesticides2018.jpg\",\"contentUrl\":\"https:\\\/\\\/www.medinadiscovery.com\\\/wp-content\\\/uploads\\\/2018\\\/07\\\/cabecerabiopesticides2018.jpg\",\"width\":916,\"height\":405},{\"@type\":\"BreadcrumbList\",\"@id\":\"https:\\\/\\\/www.medinadiscovery.com\\\/es\\\/biopesticides-europe-2018-6-7-de-junio-amsterdam-paises-bajos\\\/#breadcrumb\",\"itemListElement\":[{\"@type\":\"ListItem\",\"position\":1,\"name\":\"Home\",\"item\":\"https:\\\/\\\/www.medinadiscovery.com\\\/es\\\/\"},{\"@type\":\"ListItem\",\"position\":2,\"name\":\"\u25aa Biopesticides Europe 2018, 6-7 de Junio, Amsterdam \u2013 Pa\u00edses bajos\"}]},{\"@type\":\"WebSite\",\"@id\":\"https:\\\/\\\/www.medinadiscovery.com\\\/es\\\/#website\",\"url\":\"https:\\\/\\\/www.medinadiscovery.com\\\/es\\\/\",\"name\":\"Fundaci\u00f3n MEDINA\",\"description\":\"Our mission on drug discovery and pharma research\",\"publisher\":{\"@id\":\"https:\\\/\\\/www.medinadiscovery.com\\\/es\\\/#organization\"},\"potentialAction\":[{\"@type\":\"SearchAction\",\"target\":{\"@type\":\"EntryPoint\",\"urlTemplate\":\"https:\\\/\\\/www.medinadiscovery.com\\\/es\\\/?s={search_term_string}\"},\"query-input\":{\"@type\":\"PropertyValueSpecification\",\"valueRequired\":true,\"valueName\":\"search_term_string\"}}],\"inLanguage\":\"es\"},{\"@type\":\"Organization\",\"@id\":\"https:\\\/\\\/www.medinadiscovery.com\\\/es\\\/#organization\",\"name\":\"Fundaci\u00f3n MEDINA\",\"url\":\"https:\\\/\\\/www.medinadiscovery.com\\\/es\\\/\",\"logo\":{\"@type\":\"ImageObject\",\"inLanguage\":\"es\",\"@id\":\"https:\\\/\\\/www.medinadiscovery.com\\\/es\\\/#\\\/schema\\\/logo\\\/image\\\/\",\"url\":\"https:\\\/\\\/www.medinadiscovery.com\\\/wp-content\\\/uploads\\\/2025\\\/06\\\/logo_medina.png\",\"contentUrl\":\"https:\\\/\\\/www.medinadiscovery.com\\\/wp-content\\\/uploads\\\/2025\\\/06\\\/logo_medina.png\",\"width\":1747,\"height\":456,\"caption\":\"Fundaci\u00f3n MEDINA\"},\"image\":{\"@id\":\"https:\\\/\\\/www.medinadiscovery.com\\\/es\\\/#\\\/schema\\\/logo\\\/image\\\/\"},\"sameAs\":[\"https:\\\/\\\/www.facebook.com\\\/MEDINADiscovery\\\/\",\"https:\\\/\\\/x.com\\\/MedinaDiscovery\"]},{\"@type\":\"Person\",\"@id\":\"https:\\\/\\\/www.medinadiscovery.com\\\/es\\\/#\\\/schema\\\/person\\\/3bba6446c411ea6756e31bdad6fe800e\",\"name\":\"Nathalie\",\"image\":{\"@type\":\"ImageObject\",\"inLanguage\":\"es\",\"@id\":\"https:\\\/\\\/secure.gravatar.com\\\/avatar\\\/20717de2102b237fef936e93d9955245fbe953b74883dfb44203279553f5990e?s=96&d=mm&r=g\",\"url\":\"https:\\\/\\\/secure.gravatar.com\\\/avatar\\\/20717de2102b237fef936e93d9955245fbe953b74883dfb44203279553f5990e?s=96&d=mm&r=g\",\"contentUrl\":\"https:\\\/\\\/secure.gravatar.com\\\/avatar\\\/20717de2102b237fef936e93d9955245fbe953b74883dfb44203279553f5990e?s=96&d=mm&r=g\",\"caption\":\"Nathalie\"},\"url\":\"https:\\\/\\\/www.medinadiscovery.com\\\/es\\\/author\\\/nathalie\\\/\"}]}<\/script>\n<!-- \/ Yoast SEO plugin. -->","yoast_head_json":{"title":"\u25aa Biopesticides Europe 2018, 6-7 de Junio, Amsterdam \u2013 Pa\u00edses bajos - Fundaci\u00f3n MEDINA","robots":{"index":"index","follow":"follow","max-snippet":"max-snippet:-1","max-image-preview":"max-image-preview:large","max-video-preview":"max-video-preview:-1"},"canonical":"https:\/\/www.medinadiscovery.com\/es\/biopesticides-europe-2018-6-7-de-junio-amsterdam-paises-bajos\/","og_locale":"es_ES","og_type":"article","og_title":"\u25aa Biopesticides Europe 2018, 6-7 de Junio, Amsterdam \u2013 Pa\u00edses bajos - Fundaci\u00f3n MEDINA","og_description":"Dentro de los esfuerzos globales hacia una agricultura sostenible, los biopesticidas ofrecen una alternativa cada d\u00eda m\u00e1s plausible al uso de pesticidas sint\u00e9ticos. La Colecci\u00f3n de Cultivos de la Fundaci\u00f3n MEDINA alberga una gran diversidad de microorganismos capaces de combatir importantes fitopat\u00f3genos causantes de p\u00e9rdidas millonarias en los cultivos agr\u00edcolas. MEDINA acudi\u00f3 al congreso Europeo [&hellip;]","og_url":"https:\/\/www.medinadiscovery.com\/es\/biopesticides-europe-2018-6-7-de-junio-amsterdam-paises-bajos\/","og_site_name":"Fundaci\u00f3n MEDINA","article_publisher":"https:\/\/www.facebook.com\/MEDINADiscovery\/","article_published_time":"2018-06-20T08:37:09+00:00","article_modified_time":"2018-07-27T09:35:59+00:00","og_image":[{"width":916,"height":405,"url":"https:\/\/www.medinadiscovery.com\/wp-content\/uploads\/2018\/07\/cabecerabiopesticides2018.jpg","type":"image\/jpeg"}],"author":"Nathalie","twitter_card":"summary_large_image","twitter_creator":"@MedinaDiscovery","twitter_site":"@MedinaDiscovery","twitter_misc":{"Escrito por":"Nathalie","Tiempo de lectura":"1 minuto"},"schema":{"@context":"https:\/\/schema.org","@graph":[{"@type":"Article","@id":"https:\/\/www.medinadiscovery.com\/es\/biopesticides-europe-2018-6-7-de-junio-amsterdam-paises-bajos\/#article","isPartOf":{"@id":"https:\/\/www.medinadiscovery.com\/es\/biopesticides-europe-2018-6-7-de-junio-amsterdam-paises-bajos\/"},"author":{"name":"Nathalie","@id":"https:\/\/www.medinadiscovery.com\/es\/#\/schema\/person\/3bba6446c411ea6756e31bdad6fe800e"},"headline":"\u25aa Biopesticides Europe 2018, 6-7 de Junio, Amsterdam \u2013 Pa\u00edses bajos","datePublished":"2018-06-20T08:37:09+00:00","dateModified":"2018-07-27T09:35:59+00:00","mainEntityOfPage":{"@id":"https:\/\/www.medinadiscovery.com\/es\/biopesticides-europe-2018-6-7-de-junio-amsterdam-paises-bajos\/"},"wordCount":140,"publisher":{"@id":"https:\/\/www.medinadiscovery.com\/es\/#organization"},"image":{"@id":"https:\/\/www.medinadiscovery.com\/es\/biopesticides-europe-2018-6-7-de-junio-amsterdam-paises-bajos\/#primaryimage"},"thumbnailUrl":"https:\/\/www.medinadiscovery.com\/wp-content\/uploads\/2018\/07\/cabecerabiopesticides2018.jpg","articleSection":["Archivo de Noticias","Archivo de Noticias ES","ARCHIVO NOTICIAS MEDINA","News archive ES"],"inLanguage":"es"},{"@type":"WebPage","@id":"https:\/\/www.medinadiscovery.com\/es\/biopesticides-europe-2018-6-7-de-junio-amsterdam-paises-bajos\/","url":"https:\/\/www.medinadiscovery.com\/es\/biopesticides-europe-2018-6-7-de-junio-amsterdam-paises-bajos\/","name":"\u25aa Biopesticides Europe 2018, 6-7 de Junio, Amsterdam \u2013 Pa\u00edses bajos - Fundaci\u00f3n MEDINA","isPartOf":{"@id":"https:\/\/www.medinadiscovery.com\/es\/#website"},"primaryImageOfPage":{"@id":"https:\/\/www.medinadiscovery.com\/es\/biopesticides-europe-2018-6-7-de-junio-amsterdam-paises-bajos\/#primaryimage"},"image":{"@id":"https:\/\/www.medinadiscovery.com\/es\/biopesticides-europe-2018-6-7-de-junio-amsterdam-paises-bajos\/#primaryimage"},"thumbnailUrl":"https:\/\/www.medinadiscovery.com\/wp-content\/uploads\/2018\/07\/cabecerabiopesticides2018.jpg","datePublished":"2018-06-20T08:37:09+00:00","dateModified":"2018-07-27T09:35:59+00:00","breadcrumb":{"@id":"https:\/\/www.medinadiscovery.com\/es\/biopesticides-europe-2018-6-7-de-junio-amsterdam-paises-bajos\/#breadcrumb"},"inLanguage":"es","potentialAction":[{"@type":"ReadAction","target":["https:\/\/www.medinadiscovery.com\/es\/biopesticides-europe-2018-6-7-de-junio-amsterdam-paises-bajos\/"]}]},{"@type":"ImageObject","inLanguage":"es","@id":"https:\/\/www.medinadiscovery.com\/es\/biopesticides-europe-2018-6-7-de-junio-amsterdam-paises-bajos\/#primaryimage","url":"https:\/\/www.medinadiscovery.com\/wp-content\/uploads\/2018\/07\/cabecerabiopesticides2018.jpg","contentUrl":"https:\/\/www.medinadiscovery.com\/wp-content\/uploads\/2018\/07\/cabecerabiopesticides2018.jpg","width":916,"height":405},{"@type":"BreadcrumbList","@id":"https:\/\/www.medinadiscovery.com\/es\/biopesticides-europe-2018-6-7-de-junio-amsterdam-paises-bajos\/#breadcrumb","itemListElement":[{"@type":"ListItem","position":1,"name":"Home","item":"https:\/\/www.medinadiscovery.com\/es\/"},{"@type":"ListItem","position":2,"name":"\u25aa Biopesticides Europe 2018, 6-7 de Junio, Amsterdam \u2013 Pa\u00edses bajos"}]},{"@type":"WebSite","@id":"https:\/\/www.medinadiscovery.com\/es\/#website","url":"https:\/\/www.medinadiscovery.com\/es\/","name":"Fundaci\u00f3n MEDINA","description":"Our mission on drug discovery and pharma research","publisher":{"@id":"https:\/\/www.medinadiscovery.com\/es\/#organization"},"potentialAction":[{"@type":"SearchAction","target":{"@type":"EntryPoint","urlTemplate":"https:\/\/www.medinadiscovery.com\/es\/?s={search_term_string}"},"query-input":{"@type":"PropertyValueSpecification","valueRequired":true,"valueName":"search_term_string"}}],"inLanguage":"es"},{"@type":"Organization","@id":"https:\/\/www.medinadiscovery.com\/es\/#organization","name":"Fundaci\u00f3n MEDINA","url":"https:\/\/www.medinadiscovery.com\/es\/","logo":{"@type":"ImageObject","inLanguage":"es","@id":"https:\/\/www.medinadiscovery.com\/es\/#\/schema\/logo\/image\/","url":"https:\/\/www.medinadiscovery.com\/wp-content\/uploads\/2025\/06\/logo_medina.png","contentUrl":"https:\/\/www.medinadiscovery.com\/wp-content\/uploads\/2025\/06\/logo_medina.png","width":1747,"height":456,"caption":"Fundaci\u00f3n MEDINA"},"image":{"@id":"https:\/\/www.medinadiscovery.com\/es\/#\/schema\/logo\/image\/"},"sameAs":["https:\/\/www.facebook.com\/MEDINADiscovery\/","https:\/\/x.com\/MedinaDiscovery"]},{"@type":"Person","@id":"https:\/\/www.medinadiscovery.com\/es\/#\/schema\/person\/3bba6446c411ea6756e31bdad6fe800e","name":"Nathalie","image":{"@type":"ImageObject","inLanguage":"es","@id":"https:\/\/secure.gravatar.com\/avatar\/20717de2102b237fef936e93d9955245fbe953b74883dfb44203279553f5990e?s=96&d=mm&r=g","url":"https:\/\/secure.gravatar.com\/avatar\/20717de2102b237fef936e93d9955245fbe953b74883dfb44203279553f5990e?s=96&d=mm&r=g","contentUrl":"https:\/\/secure.gravatar.com\/avatar\/20717de2102b237fef936e93d9955245fbe953b74883dfb44203279553f5990e?s=96&d=mm&r=g","caption":"Nathalie"},"url":"https:\/\/www.medinadiscovery.com\/es\/author\/nathalie\/"}]}},"_links":{"self":[{"href":"https:\/\/www.medinadiscovery.com\/es\/wp-json\/wp\/v2\/posts\/8427","targetHints":{"allow":["GET"]}}],"collection":[{"href":"https:\/\/www.medinadiscovery.com\/es\/wp-json\/wp\/v2\/posts"}],"about":[{"href":"https:\/\/www.medinadiscovery.com\/es\/wp-json\/wp\/v2\/types\/post"}],"author":[{"embeddable":true,"href":"https:\/\/www.medinadiscovery.com\/es\/wp-json\/wp\/v2\/users\/40885"}],"replies":[{"embeddable":true,"href":"https:\/\/www.medinadiscovery.com\/es\/wp-json\/wp\/v2\/comments?post=8427"}],"version-history":[{"count":2,"href":"https:\/\/www.medinadiscovery.com\/es\/wp-json\/wp\/v2\/posts\/8427\/revisions"}],"predecessor-version":[{"id":8477,"href":"https:\/\/www.medinadiscovery.com\/es\/wp-json\/wp\/v2\/posts\/8427\/revisions\/8477"}],"wp:featuredmedia":[{"embeddable":true,"href":"https:\/\/www.medinadiscovery.com\/es\/wp-json\/wp\/v2\/media\/8425"}],"wp:attachment":[{"href":"https:\/\/www.medinadiscovery.com\/es\/wp-json\/wp\/v2\/media?parent=8427"}],"wp:term":[{"taxonomy":"category","embeddable":true,"href":"https:\/\/www.medinadiscovery.com\/es\/wp-json\/wp\/v2\/categories?post=8427"},{"taxonomy":"post_tag","embeddable":true,"href":"https:\/\/www.medinadiscovery.com\/es\/wp-json\/wp\/v2\/tags?post=8427"}],"curies":[{"name":"wp","href":"https:\/\/api.w.org\/{rel}","templated":true}]}}